{"id":94175,"date":"2021-06-14T18:57:50","date_gmt":"2021-06-14T21:57:50","guid":{"rendered":"https:\/\/eldiariodesanpedro.com.ar\/sitio\/?p=94175"},"modified":"2021-06-14T18:59:10","modified_gmt":"2021-06-14T21:59:10","slug":"ritondo-pidio-que-se-ponga-en-tratamiento-el-pliego-de-rafecas","status":"publish","type":"post","link":"https:\/\/eldiariodesanpedro.com.ar\/sitio\/ritondo-pidio-que-se-ponga-en-tratamiento-el-pliego-de-rafecas\/","title":{"rendered":"Ritondo pidi\u00f3 que se ponga en tratamiento el pliego de Rafecas"},"content":{"rendered":"<!-- VideographyWP Plugin Message: Automatic video embedding prevented by plugin options. -->\n\n<p>El presidente del Bloque de Diputados PRO, Cristian Ritondo, afirm\u00f3 que Juntos por el Cambio est\u00e1 dispuesto a aportar sus legisladores para conformar los dos tercios en el Congreso y acelerar, de este modo, la designaci\u00f3n del juez Rafecas al frente de la Procuraci\u00f3n General de la Naci\u00f3n.<\/p>\n\n\n\n<p>Ritondo particip\u00f3 este mediod\u00eda de la reuni\u00f3n de la Comisi\u00f3n Bicameral del Ministerio P\u00fablico de la Naci\u00f3n y sostuvo que \u201ctenemos Procurador General Interino porque ustedes (haciendo alusi\u00f3n al FdT) no resuelven lo que ha mandado el presidente Alberto Fern\u00e1ndez al Senado\u201d.<\/p>\n\n\n\n<p>\u201cDesde Juntos por el Cambio hemos decidido que tengan los dos tercios\u201d, resalt\u00f3 Ritondo. Y agreg\u00f3: \u201cSomos rehenes de la indefinici\u00f3n porque est\u00e1n abusando permanentemente de las instituciones. Podr\u00edamos estar nombrando al Jefe de los Fiscales como lo mand\u00f3 el Presidente porque Juntos por el Cambio ha dado el acuerdo para nombrarlo, algo que nosotros no tuvimos durante los 4 a\u00f1os de gobierno pero hicimos lo que manda la ley\u201d.<\/p>\n\n\n\n<figure class=\"wp-block-embed is-type-video is-provider-youtube wp-block-embed-youtube wp-embed-aspect-16-9 wp-has-aspect-ratio\"><div class=\"wp-block-embed__wrapper\">\n<iframe  style=\"display: block; margin: 0px auto;\"  id=\"_ytid_88619\"  width=\"640\" height=\"360\"  data-origwidth=\"640\" data-origheight=\"360\" src=\"https:\/\/www.youtube.com\/embed\/qpYFnYZPf6I?enablejsapi=1&#038;autoplay=0&#038;cc_load_policy=0&#038;cc_lang_pref=&#038;iv_load_policy=1&#038;loop=0&#038;rel=1&#038;fs=1&#038;playsinline=0&#038;autohide=2&#038;theme=dark&#038;color=red&#038;controls=1&#038;disablekb=0&#038;\" class=\"__youtube_prefs__  epyt-is-override  no-lazyload\" title=\"YouTube player\"  allow=\"fullscreen; accelerometer; autoplay; clipboard-write; encrypted-media; gyroscope; picture-in-picture; web-share\" referrerpolicy=\"strict-origin-when-cross-origin\" allowfullscreen data-no-lazy=\"1\" data-skipgform_ajax_framebjll=\"\"><\/iframe>\n<\/div><\/figure>\n","protected":false},"excerpt":{"rendered":"<p>El presidente del Bloque de Diputados PRO, Cristian Ritondo, afirm\u00f3 que Juntos por el Cambio est\u00e1 dispuesto a aportar sus legisladores para conformar los dos tercios en el Congreso y acelerar, de este modo, la designaci\u00f3n del juez Rafecas al frente de la Procuraci\u00f3n General de la Naci\u00f3n. Ritondo particip\u00f3 este mediod\u00eda de la reuni\u00f3n [&hellip;]<\/p>\n","protected":false},"author":4,"featured_media":94176,"comment_status":"open","ping_status":"closed","sticky":false,"template":"","format":"standard","meta":{"om_disable_all_campaigns":false,"_jetpack_memberships_contains_paid_content":false,"footnotes":""},"categories":[621],"tags":[],"class_list":["post-94175","post","type-post","status-publish","format-standard","has-post-thumbnail","hentry","category-regionales"],"aioseo_notices":[],"gutentor_comment":0,"jetpack_featured_media_url":"https:\/\/eldiariodesanpedro.com.ar\/sitio\/wp-content\/uploads\/2021\/06\/WhatsApp-Image-2021-06-14-at-17.05.50.jpeg","jetpack_shortlink":"https:\/\/wp.me\/p6RhLt-ouX","jetpack_sharing_enabled":true,"_links":{"self":[{"href":"https:\/\/eldiariodesanpedro.com.ar\/sitio\/wp-json\/wp\/v2\/posts\/94175","targetHints":{"allow":["GET"]}}],"collection":[{"href":"https:\/\/eldiariodesanpedro.com.ar\/sitio\/wp-json\/wp\/v2\/posts"}],"about":[{"href":"https:\/\/eldiariodesanpedro.com.ar\/sitio\/wp-json\/wp\/v2\/types\/post"}],"author":[{"embeddable":true,"href":"https:\/\/eldiariodesanpedro.com.ar\/sitio\/wp-json\/wp\/v2\/users\/4"}],"replies":[{"embeddable":true,"href":"https:\/\/eldiariodesanpedro.com.ar\/sitio\/wp-json\/wp\/v2\/comments?post=94175"}],"version-history":[{"count":2,"href":"https:\/\/eldiariodesanpedro.com.ar\/sitio\/wp-json\/wp\/v2\/posts\/94175\/revisions"}],"predecessor-version":[{"id":94179,"href":"https:\/\/eldiariodesanpedro.com.ar\/sitio\/wp-json\/wp\/v2\/posts\/94175\/revisions\/94179"}],"wp:featuredmedia":[{"embeddable":true,"href":"https:\/\/eldiariodesanpedro.com.ar\/sitio\/wp-json\/wp\/v2\/media\/94176"}],"wp:attachment":[{"href":"https:\/\/eldiariodesanpedro.com.ar\/sitio\/wp-json\/wp\/v2\/media?parent=94175"}],"wp:term":[{"taxonomy":"category","embeddable":true,"href":"https:\/\/eldiariodesanpedro.com.ar\/sitio\/wp-json\/wp\/v2\/categories?post=94175"},{"taxonomy":"post_tag","embeddable":true,"href":"https:\/\/eldiariodesanpedro.com.ar\/sitio\/wp-json\/wp\/v2\/tags?post=94175"}],"curies":[{"name":"wp","href":"https:\/\/api.w.org\/{rel}","templated":true}]}}