{"id":94169,"date":"2021-06-14T18:49:34","date_gmt":"2021-06-14T21:49:34","guid":{"rendered":"https:\/\/eldiariodesanpedro.com.ar\/sitio\/?p=94169"},"modified":"2021-06-14T18:49:38","modified_gmt":"2021-06-14T21:49:38","slug":"renovacion-del-convenio-para-la-utilizacion-de-tecnologia-en-la-conservacion-de-batatas-sampedrinas","status":"publish","type":"post","link":"https:\/\/eldiariodesanpedro.com.ar\/sitio\/renovacion-del-convenio-para-la-utilizacion-de-tecnologia-en-la-conservacion-de-batatas-sampedrinas\/","title":{"rendered":"Renovaci\u00f3n del convenio para la utilizaci\u00f3n de tecnolog\u00eda en la conservaci\u00f3n de batatas sampedrinas"},"content":{"rendered":"<!-- VideographyWP Plugin Message: Automatic video embedding prevented by plugin options. -->\n\n<p>Se formaliz\u00f3 la renovaci\u00f3n del Convenio de Colaboraci\u00f3n t\u00e9cnica entre el INTA, la Municipalidad de San Pedro, y el empresario Germ\u00e1n Villar, propietario y desarrollador de la tecnolog\u00eda \u00abSilopapa\u00bb.<\/p>\n\n\n\n<p>Tras una haber concretado una primera experiencia en el 2020, en este 2021 se cumpli\u00f3 con la rubrica de un nuevo v\u00ednculo, esta vez m\u00e1s prolongado y que permite profundizar la experiencia que junto a productores locales buscando asegurar una mejor conservaci\u00f3n de batata a un costo menor que la c\u00e1mara frigor\u00edfica y con una eficiencia mayor que la pila tradicional.<\/p>\n\n\n\n<p>Si bien la segunda prueba comenz\u00f3 a fines de marzo, la formalizaci\u00f3n de esta nueva etapa, se concret\u00f3 con un encuentro del que participaron el Intendente Cecilio Salazar, el Director del CRBAN del INTA Hern\u00e1n Trebino, Germ\u00e1n Villar el empresario que aport\u00f3 la tecnolog\u00eda, el Secretario de Desarrollo Econ\u00f3mico Alfredo Carrasco y la Directora de la Estaci\u00f3n Experimental del INTA San Pedro, Ingeniera Laura Hansen.<\/p>\n\n\n\n<p>En esta segunda edici\u00f3n, se han introducido mejoras al equipo, como la automatizaci\u00f3n de ventilaci\u00f3n en el interior del silo, la utilizaci\u00f3n de una \u00fanica variedad de batata que fue cosechada en un momento m\u00e1s adecuado y mediante procedimientos m\u00e1s controlados, as\u00ed como otros ajustes al trabajo de evaluaci\u00f3n.<\/p>\n\n\n\n<figure class=\"wp-block-image size-large\"><img decoding=\"async\" width=\"1024\" height=\"682\" data-attachment-id=\"94171\" data-permalink=\"https:\/\/eldiariodesanpedro.com.ar\/sitio\/renovacion-del-convenio-para-la-utilizacion-de-tecnologia-en-la-conservacion-de-batatas-sampedrinas\/whatsapp-image-2021-06-14-at-18-00-03\/\" data-orig-file=\"https:\/\/eldiariodesanpedro.com.ar\/sitio\/wp-content\/uploads\/2021\/06\/WhatsApp-Image-2021-06-14-at-18.00.03.jpeg\" data-orig-size=\"1280,853\" data-comments-opened=\"1\" data-image-meta=\"{&quot;aperture&quot;:&quot;0&quot;,&quot;credit&quot;:&quot;&quot;,&quot;camera&quot;:&quot;&quot;,&quot;caption&quot;:&quot;&quot;,&quot;created_timestamp&quot;:&quot;0&quot;,&quot;copyright&quot;:&quot;&quot;,&quot;focal_length&quot;:&quot;0&quot;,&quot;iso&quot;:&quot;0&quot;,&quot;shutter_speed&quot;:&quot;0&quot;,&quot;title&quot;:&quot;&quot;,&quot;orientation&quot;:&quot;0&quot;}\" data-image-title=\"WhatsApp Image 2021-06-14 at 18.00.03\" data-image-description=\"\" data-image-caption=\"\" data-large-file=\"https:\/\/eldiariodesanpedro.com.ar\/sitio\/wp-content\/uploads\/2021\/06\/WhatsApp-Image-2021-06-14-at-18.00.03-1024x682.jpeg\" data-src=\"https:\/\/eldiariodesanpedro.com.ar\/sitio\/wp-content\/uploads\/2021\/06\/WhatsApp-Image-2021-06-14-at-18.00.03-1024x682.jpeg\" alt=\"\" class=\"wp-image-94171 lazyload\" data-srcset=\"https:\/\/eldiariodesanpedro.com.ar\/sitio\/wp-content\/uploads\/2021\/06\/WhatsApp-Image-2021-06-14-at-18.00.03-1024x682.jpeg 1024w, https:\/\/eldiariodesanpedro.com.ar\/sitio\/wp-content\/uploads\/2021\/06\/WhatsApp-Image-2021-06-14-at-18.00.03-300x200.jpeg 300w, https:\/\/eldiariodesanpedro.com.ar\/sitio\/wp-content\/uploads\/2021\/06\/WhatsApp-Image-2021-06-14-at-18.00.03-768x512.jpeg 768w, https:\/\/eldiariodesanpedro.com.ar\/sitio\/wp-content\/uploads\/2021\/06\/WhatsApp-Image-2021-06-14-at-18.00.03.jpeg 1280w\" data-sizes=\"(max-width: 1024px) 100vw, 1024px\" src=\"data:image\/svg+xml;base64,PHN2ZyB3aWR0aD0iMSIgaGVpZ2h0PSIxIiB4bWxucz0iaHR0cDovL3d3dy53My5vcmcvMjAwMC9zdmciPjwvc3ZnPg==\" style=\"--smush-placeholder-width: 1024px; --smush-placeholder-aspect-ratio: 1024\/682;\" \/><\/figure>\n\n\n\n<figure class=\"wp-block-image size-large\"><img decoding=\"async\" width=\"1024\" height=\"847\" data-attachment-id=\"94172\" data-permalink=\"https:\/\/eldiariodesanpedro.com.ar\/sitio\/renovacion-del-convenio-para-la-utilizacion-de-tecnologia-en-la-conservacion-de-batatas-sampedrinas\/whatsapp-image-2021-06-14-at-18-00-04\/\" data-orig-file=\"https:\/\/eldiariodesanpedro.com.ar\/sitio\/wp-content\/uploads\/2021\/06\/WhatsApp-Image-2021-06-14-at-18.00.04.jpeg\" data-orig-size=\"1280,1059\" data-comments-opened=\"1\" data-image-meta=\"{&quot;aperture&quot;:&quot;0&quot;,&quot;credit&quot;:&quot;&quot;,&quot;camera&quot;:&quot;&quot;,&quot;caption&quot;:&quot;&quot;,&quot;created_timestamp&quot;:&quot;0&quot;,&quot;copyright&quot;:&quot;&quot;,&quot;focal_length&quot;:&quot;0&quot;,&quot;iso&quot;:&quot;0&quot;,&quot;shutter_speed&quot;:&quot;0&quot;,&quot;title&quot;:&quot;&quot;,&quot;orientation&quot;:&quot;0&quot;}\" data-image-title=\"WhatsApp Image 2021-06-14 at 18.00.04\" data-image-description=\"\" data-image-caption=\"\" data-large-file=\"https:\/\/eldiariodesanpedro.com.ar\/sitio\/wp-content\/uploads\/2021\/06\/WhatsApp-Image-2021-06-14-at-18.00.04-1024x847.jpeg\" data-src=\"https:\/\/eldiariodesanpedro.com.ar\/sitio\/wp-content\/uploads\/2021\/06\/WhatsApp-Image-2021-06-14-at-18.00.04-1024x847.jpeg\" alt=\"\" class=\"wp-image-94172 lazyload\" data-srcset=\"https:\/\/eldiariodesanpedro.com.ar\/sitio\/wp-content\/uploads\/2021\/06\/WhatsApp-Image-2021-06-14-at-18.00.04-1024x847.jpeg 1024w, https:\/\/eldiariodesanpedro.com.ar\/sitio\/wp-content\/uploads\/2021\/06\/WhatsApp-Image-2021-06-14-at-18.00.04-300x248.jpeg 300w, https:\/\/eldiariodesanpedro.com.ar\/sitio\/wp-content\/uploads\/2021\/06\/WhatsApp-Image-2021-06-14-at-18.00.04-768x635.jpeg 768w, https:\/\/eldiariodesanpedro.com.ar\/sitio\/wp-content\/uploads\/2021\/06\/WhatsApp-Image-2021-06-14-at-18.00.04.jpeg 1280w\" data-sizes=\"(max-width: 1024px) 100vw, 1024px\" src=\"data:image\/svg+xml;base64,PHN2ZyB3aWR0aD0iMSIgaGVpZ2h0PSIxIiB4bWxucz0iaHR0cDovL3d3dy53My5vcmcvMjAwMC9zdmciPjwvc3ZnPg==\" style=\"--smush-placeholder-width: 1024px; --smush-placeholder-aspect-ratio: 1024\/847;\" \/><\/figure>\n\n\n\n<figure class=\"wp-block-image size-large\"><img decoding=\"async\" width=\"1024\" height=\"701\" data-attachment-id=\"94173\" data-permalink=\"https:\/\/eldiariodesanpedro.com.ar\/sitio\/renovacion-del-convenio-para-la-utilizacion-de-tecnologia-en-la-conservacion-de-batatas-sampedrinas\/whatsapp-image-2021-06-14-at-18-00-05\/\" data-orig-file=\"https:\/\/eldiariodesanpedro.com.ar\/sitio\/wp-content\/uploads\/2021\/06\/WhatsApp-Image-2021-06-14-at-18.00.05.jpeg\" data-orig-size=\"1280,876\" data-comments-opened=\"1\" data-image-meta=\"{&quot;aperture&quot;:&quot;0&quot;,&quot;credit&quot;:&quot;&quot;,&quot;camera&quot;:&quot;&quot;,&quot;caption&quot;:&quot;&quot;,&quot;created_timestamp&quot;:&quot;0&quot;,&quot;copyright&quot;:&quot;&quot;,&quot;focal_length&quot;:&quot;0&quot;,&quot;iso&quot;:&quot;0&quot;,&quot;shutter_speed&quot;:&quot;0&quot;,&quot;title&quot;:&quot;&quot;,&quot;orientation&quot;:&quot;0&quot;}\" data-image-title=\"WhatsApp Image 2021-06-14 at 18.00.05\" data-image-description=\"\" data-image-caption=\"\" data-large-file=\"https:\/\/eldiariodesanpedro.com.ar\/sitio\/wp-content\/uploads\/2021\/06\/WhatsApp-Image-2021-06-14-at-18.00.05-1024x701.jpeg\" data-src=\"https:\/\/eldiariodesanpedro.com.ar\/sitio\/wp-content\/uploads\/2021\/06\/WhatsApp-Image-2021-06-14-at-18.00.05-1024x701.jpeg\" alt=\"\" class=\"wp-image-94173 lazyload\" data-srcset=\"https:\/\/eldiariodesanpedro.com.ar\/sitio\/wp-content\/uploads\/2021\/06\/WhatsApp-Image-2021-06-14-at-18.00.05-1024x701.jpeg 1024w, https:\/\/eldiariodesanpedro.com.ar\/sitio\/wp-content\/uploads\/2021\/06\/WhatsApp-Image-2021-06-14-at-18.00.05-300x205.jpeg 300w, https:\/\/eldiariodesanpedro.com.ar\/sitio\/wp-content\/uploads\/2021\/06\/WhatsApp-Image-2021-06-14-at-18.00.05-768x526.jpeg 768w, https:\/\/eldiariodesanpedro.com.ar\/sitio\/wp-content\/uploads\/2021\/06\/WhatsApp-Image-2021-06-14-at-18.00.05.jpeg 1280w\" data-sizes=\"(max-width: 1024px) 100vw, 1024px\" src=\"data:image\/svg+xml;base64,PHN2ZyB3aWR0aD0iMSIgaGVpZ2h0PSIxIiB4bWxucz0iaHR0cDovL3d3dy53My5vcmcvMjAwMC9zdmciPjwvc3ZnPg==\" style=\"--smush-placeholder-width: 1024px; --smush-placeholder-aspect-ratio: 1024\/701;\" \/><\/figure>\n","protected":false},"excerpt":{"rendered":"<p>Se formaliz\u00f3 la renovaci\u00f3n del Convenio de Colaboraci\u00f3n t\u00e9cnica entre el INTA, la Municipalidad de San Pedro, y el empresario Germ\u00e1n Villar, propietario y desarrollador de la tecnolog\u00eda \u00abSilopapa\u00bb. Tras una haber concretado una primera experiencia en el 2020, en este 2021 se cumpli\u00f3 con la rubrica de un nuevo v\u00ednculo, esta vez m\u00e1s prolongado [&hellip;]<\/p>\n","protected":false},"author":4,"featured_media":94170,"comment_status":"open","ping_status":"closed","sticky":false,"template":"","format":"standard","meta":{"om_disable_all_campaigns":false,"_jetpack_memberships_contains_paid_content":false,"footnotes":""},"categories":[50,101,2],"tags":[],"class_list":["post-94169","post","type-post","status-publish","format-standard","has-post-thumbnail","hentry","category-destacadas","category-interes-general-locales","category-locales"],"aioseo_notices":[],"gutentor_comment":0,"jetpack_featured_media_url":"https:\/\/eldiariodesanpedro.com.ar\/sitio\/wp-content\/uploads\/2021\/06\/WhatsApp-Image-2021-06-14-at-18.00.02.jpeg","jetpack_shortlink":"https:\/\/wp.me\/p6RhLt-ouR","jetpack_sharing_enabled":true,"_links":{"self":[{"href":"https:\/\/eldiariodesanpedro.com.ar\/sitio\/wp-json\/wp\/v2\/posts\/94169","targetHints":{"allow":["GET"]}}],"collection":[{"href":"https:\/\/eldiariodesanpedro.com.ar\/sitio\/wp-json\/wp\/v2\/posts"}],"about":[{"href":"https:\/\/eldiariodesanpedro.com.ar\/sitio\/wp-json\/wp\/v2\/types\/post"}],"author":[{"embeddable":true,"href":"https:\/\/eldiariodesanpedro.com.ar\/sitio\/wp-json\/wp\/v2\/users\/4"}],"replies":[{"embeddable":true,"href":"https:\/\/eldiariodesanpedro.com.ar\/sitio\/wp-json\/wp\/v2\/comments?post=94169"}],"version-history":[{"count":1,"href":"https:\/\/eldiariodesanpedro.com.ar\/sitio\/wp-json\/wp\/v2\/posts\/94169\/revisions"}],"predecessor-version":[{"id":94174,"href":"https:\/\/eldiariodesanpedro.com.ar\/sitio\/wp-json\/wp\/v2\/posts\/94169\/revisions\/94174"}],"wp:featuredmedia":[{"embeddable":true,"href":"https:\/\/eldiariodesanpedro.com.ar\/sitio\/wp-json\/wp\/v2\/media\/94170"}],"wp:attachment":[{"href":"https:\/\/eldiariodesanpedro.com.ar\/sitio\/wp-json\/wp\/v2\/media?parent=94169"}],"wp:term":[{"taxonomy":"category","embeddable":true,"href":"https:\/\/eldiariodesanpedro.com.ar\/sitio\/wp-json\/wp\/v2\/categories?post=94169"},{"taxonomy":"post_tag","embeddable":true,"href":"https:\/\/eldiariodesanpedro.com.ar\/sitio\/wp-json\/wp\/v2\/tags?post=94169"}],"curies":[{"name":"wp","href":"https:\/\/api.w.org\/{rel}","templated":true}]}}