{"id":94159,"date":"2021-06-14T11:48:38","date_gmt":"2021-06-14T14:48:38","guid":{"rendered":"https:\/\/eldiariodesanpedro.com.ar\/sitio\/?p=94159"},"modified":"2021-06-14T11:48:39","modified_gmt":"2021-06-14T14:48:39","slug":"baradero-trasladaron-a-una-embarazada-con-covid-a-san-nicolas","status":"publish","type":"post","link":"https:\/\/eldiariodesanpedro.com.ar\/sitio\/baradero-trasladaron-a-una-embarazada-con-covid-a-san-nicolas\/","title":{"rendered":"BARADERO | Trasladaron a una embarazada con covid a San Nicol\u00e1s"},"content":{"rendered":"<!-- VideographyWP Plugin Message: Automatic video embedding prevented by plugin options. -->\n\n<p>La noticia fue confirmada por el Director M\u00e9dico del Hospital Silvio Ejarque. Se trata de una mujer de 32 a\u00f1os que transita la semana n\u00famero 31 de embarazo y en las \u00faltimas horas fue trasladada a un sanatorio de mayor complejidad en la vecina localidad de San Nicol\u00e1s. La decisi\u00f3n se tom\u00f3 a ra\u00edz del requerimiento de asistencia de ox\u00edgeno de la gestante.<\/p>\n\n\n\n<p>\u201cNos ha tocado tener mujeres positivas de la enfermedad que estaban con su embarazo a t\u00e9rmino y se realiz\u00f3 el parto de manera normal\u201d, relat\u00f3 Silvio.<\/p>\n\n\n\n<p>Hasta el momento no se comprob\u00f3 que los beb\u00e9s tengan alguna complicaci\u00f3n a ra\u00edz del positivo de la madre\u201d, finaliz\u00f3.<\/p>\n\n\n\n<p>Fuente: <a href=\"https:\/\/tulineadirecta.com\/trasladaron-a-una-embarazada-con-covid-a-san-nicolas\/\">Tu Linea Directa<\/a><\/p>\n","protected":false},"excerpt":{"rendered":"<p>La noticia fue confirmada por el Director M\u00e9dico del Hospital Silvio Ejarque. Se trata de una mujer de 32 a\u00f1os que transita la semana n\u00famero 31 de embarazo y en las \u00faltimas horas fue trasladada a un sanatorio de mayor complejidad en la vecina localidad de San Nicol\u00e1s. La decisi\u00f3n se tom\u00f3 a ra\u00edz del [&hellip;]<\/p>\n","protected":false},"author":4,"featured_media":94160,"comment_status":"open","ping_status":"closed","sticky":false,"template":"","format":"standard","meta":{"om_disable_all_campaigns":false,"_jetpack_memberships_contains_paid_content":false,"footnotes":""},"categories":[621],"tags":[],"class_list":["post-94159","post","type-post","status-publish","format-standard","has-post-thumbnail","hentry","category-regionales"],"aioseo_notices":[],"gutentor_comment":0,"jetpack_featured_media_url":"https:\/\/eldiariodesanpedro.com.ar\/sitio\/wp-content\/uploads\/2021\/06\/hospital_1_0.jpg","jetpack_shortlink":"https:\/\/wp.me\/p6RhLt-ouH","jetpack_sharing_enabled":true,"_links":{"self":[{"href":"https:\/\/eldiariodesanpedro.com.ar\/sitio\/wp-json\/wp\/v2\/posts\/94159","targetHints":{"allow":["GET"]}}],"collection":[{"href":"https:\/\/eldiariodesanpedro.com.ar\/sitio\/wp-json\/wp\/v2\/posts"}],"about":[{"href":"https:\/\/eldiariodesanpedro.com.ar\/sitio\/wp-json\/wp\/v2\/types\/post"}],"author":[{"embeddable":true,"href":"https:\/\/eldiariodesanpedro.com.ar\/sitio\/wp-json\/wp\/v2\/users\/4"}],"replies":[{"embeddable":true,"href":"https:\/\/eldiariodesanpedro.com.ar\/sitio\/wp-json\/wp\/v2\/comments?post=94159"}],"version-history":[{"count":1,"href":"https:\/\/eldiariodesanpedro.com.ar\/sitio\/wp-json\/wp\/v2\/posts\/94159\/revisions"}],"predecessor-version":[{"id":94161,"href":"https:\/\/eldiariodesanpedro.com.ar\/sitio\/wp-json\/wp\/v2\/posts\/94159\/revisions\/94161"}],"wp:featuredmedia":[{"embeddable":true,"href":"https:\/\/eldiariodesanpedro.com.ar\/sitio\/wp-json\/wp\/v2\/media\/94160"}],"wp:attachment":[{"href":"https:\/\/eldiariodesanpedro.com.ar\/sitio\/wp-json\/wp\/v2\/media?parent=94159"}],"wp:term":[{"taxonomy":"category","embeddable":true,"href":"https:\/\/eldiariodesanpedro.com.ar\/sitio\/wp-json\/wp\/v2\/categories?post=94159"},{"taxonomy":"post_tag","embeddable":true,"href":"https:\/\/eldiariodesanpedro.com.ar\/sitio\/wp-json\/wp\/v2\/tags?post=94159"}],"curies":[{"name":"wp","href":"https:\/\/api.w.org\/{rel}","templated":true}]}}