{"id":94152,"date":"2021-06-14T11:29:26","date_gmt":"2021-06-14T14:29:26","guid":{"rendered":"https:\/\/eldiariodesanpedro.com.ar\/sitio\/?p=94152"},"modified":"2021-06-14T11:29:31","modified_gmt":"2021-06-14T14:29:31","slug":"arrecifes-la-localidad-entre-los-municipios-con-mas-baja-letalidad-por-covid","status":"publish","type":"post","link":"https:\/\/eldiariodesanpedro.com.ar\/sitio\/arrecifes-la-localidad-entre-los-municipios-con-mas-baja-letalidad-por-covid\/","title":{"rendered":"ARRECIFES | La localidad entre los municipios con m\u00e1s baja letalidad por Covid"},"content":{"rendered":"<!-- VideographyWP Plugin Message: Automatic video embedding prevented by plugin options. -->\n\n<p>Con 64 fallecimientos sobre un total de 3374 casos positivos de Covid-19, Arrecifes muestra una tasa de letalidad de las m\u00e1s bajas de la regi\u00f3n: 1,89%.<\/p>\n\n\n\n<p>Entre los municipios vecinos, se ubica segundo, apenas una d\u00e9cima detr\u00e1s de Salto, con 1,88% de fallecidos del total de infectados por la pandemia.<\/p>\n\n\n\n<p>El peor \u00edndice le corresponde a San Pedro: 3,90%, con 182 v\u00edctimas fatales sobre 4657 contagiados. Lo sigue Carmen de Areco: 3,40% (51 fallecidos sobre 1499 contagiados).<\/p>\n\n\n\n<p><strong>\u00cdNDICES DE LETALIDAD POR COVID<\/strong><\/p>\n\n\n\n<p>San Pedro: 3,90%<br>Carmen de Areco: 3,40%<br>Capit\u00e1n Sarmiento: 2,56%<br>Pergamino: 2,45%<br>Ramallo: 1,95%<br>Arrecifes: 1,89%<br>Salto: 1,88%<\/p>\n\n\n\n<p>Funte: <a href=\"https:\/\/arrecifesnoticias.com\/nacionales\/arrecifes-entre-los-municipios-con-mas-baja-letalidad-por-covid\/\">Arrecifes Noticias<\/a><a rel=\"noreferrer noopener\" href=\"https:\/\/www.facebook.com\/dialog\/send?app_id=140586622674265&amp;link=https%3A%2F%2Farrecifesnoticias.com%2Fnacionales%2Farrecifes-entre-los-municipios-con-mas-baja-letalidad-por-covid%2F&amp;redirect_uri=https%3A%2F%2Farrecifesnoticias.com%2Fnacionales%2Farrecifes-entre-los-municipios-con-mas-baja-letalidad-por-covid%2F\" target=\"_blank\"><\/a><\/p>\n\n\n\n<p><\/p>\n","protected":false},"excerpt":{"rendered":"<p>Con 64 fallecimientos sobre un total de 3374 casos positivos de Covid-19, Arrecifes muestra una tasa de letalidad de las m\u00e1s bajas de la regi\u00f3n: 1,89%. Entre los municipios vecinos, se ubica segundo, apenas una d\u00e9cima detr\u00e1s de Salto, con 1,88% de fallecidos del total de infectados por la pandemia. El peor \u00edndice le corresponde [&hellip;]<\/p>\n","protected":false},"author":4,"featured_media":94153,"comment_status":"open","ping_status":"closed","sticky":false,"template":"","format":"standard","meta":{"om_disable_all_campaigns":false,"_jetpack_memberships_contains_paid_content":false,"footnotes":""},"categories":[621],"tags":[],"class_list":["post-94152","post","type-post","status-publish","format-standard","has-post-thumbnail","hentry","category-regionales"],"aioseo_notices":[],"gutentor_comment":0,"jetpack_featured_media_url":"https:\/\/eldiariodesanpedro.com.ar\/sitio\/wp-content\/uploads\/2021\/06\/Hospital-respirador-831x510-1.jpg","jetpack_shortlink":"https:\/\/wp.me\/p6RhLt-ouA","jetpack_sharing_enabled":true,"_links":{"self":[{"href":"https:\/\/eldiariodesanpedro.com.ar\/sitio\/wp-json\/wp\/v2\/posts\/94152","targetHints":{"allow":["GET"]}}],"collection":[{"href":"https:\/\/eldiariodesanpedro.com.ar\/sitio\/wp-json\/wp\/v2\/posts"}],"about":[{"href":"https:\/\/eldiariodesanpedro.com.ar\/sitio\/wp-json\/wp\/v2\/types\/post"}],"author":[{"embeddable":true,"href":"https:\/\/eldiariodesanpedro.com.ar\/sitio\/wp-json\/wp\/v2\/users\/4"}],"replies":[{"embeddable":true,"href":"https:\/\/eldiariodesanpedro.com.ar\/sitio\/wp-json\/wp\/v2\/comments?post=94152"}],"version-history":[{"count":1,"href":"https:\/\/eldiariodesanpedro.com.ar\/sitio\/wp-json\/wp\/v2\/posts\/94152\/revisions"}],"predecessor-version":[{"id":94154,"href":"https:\/\/eldiariodesanpedro.com.ar\/sitio\/wp-json\/wp\/v2\/posts\/94152\/revisions\/94154"}],"wp:featuredmedia":[{"embeddable":true,"href":"https:\/\/eldiariodesanpedro.com.ar\/sitio\/wp-json\/wp\/v2\/media\/94153"}],"wp:attachment":[{"href":"https:\/\/eldiariodesanpedro.com.ar\/sitio\/wp-json\/wp\/v2\/media?parent=94152"}],"wp:term":[{"taxonomy":"category","embeddable":true,"href":"https:\/\/eldiariodesanpedro.com.ar\/sitio\/wp-json\/wp\/v2\/categories?post=94152"},{"taxonomy":"post_tag","embeddable":true,"href":"https:\/\/eldiariodesanpedro.com.ar\/sitio\/wp-json\/wp\/v2\/tags?post=94152"}],"curies":[{"name":"wp","href":"https:\/\/api.w.org\/{rel}","templated":true}]}}