{"id":94149,"date":"2021-06-14T11:22:33","date_gmt":"2021-06-14T14:22:33","guid":{"rendered":"https:\/\/eldiariodesanpedro.com.ar\/sitio\/?p=94149"},"modified":"2021-06-14T11:36:52","modified_gmt":"2021-06-14T14:36:52","slug":"baradero-robo-en-dos-locales-y-se-olvido-el-dni-en-el-comercio-fue-aprehendido","status":"publish","type":"post","link":"https:\/\/eldiariodesanpedro.com.ar\/sitio\/baradero-robo-en-dos-locales-y-se-olvido-el-dni-en-el-comercio-fue-aprehendido\/","title":{"rendered":"BARADERO | Robo en dos locales y se olvido el DNI en el comercio, fue aprehendido"},"content":{"rendered":"<!-- VideographyWP Plugin Message: Automatic video embedding prevented by plugin options. -->\n\n<p>El delincuente de 18 a\u00f1os que fue detenido este domingo en horas de la madrugada por ingresar a dos comercios de calle Laprida al 1200, se olvid\u00f3 el documento.<\/p>\n\n\n\n<p>A primera hora del domingo, alrededor de las 05.10 hs polic\u00eda toma conocimiento a trav\u00e9s de un llamado a 911 que un sujeto hab\u00eda ingresado a dos locales comerciales ubicados en calle Laprida, uno a la altura 1252 de nombre comercial \u201dpimienta\u201d (tienda de ropas) donde fuerza cerradura de vidrio blindex y el otro comecio a la altura 1208 de nombre comercial \u201cHilachas\u201d (local de lenceria), donde rompe vidrio del frente, por lo que al arribo del personal se toma conocimiento que el due\u00f1o de unos de los locales que vive pegado al comercio estaba persiguiendo al malvivientes, fue asi que en calle Malabia entre Boedo y Cabrera logran aprehender al autor del hecho siendo un sujeto de 18 a\u00f1os oriundo de esta localidad, secuestrando en su poder dinero en efectivo y efectos de ambos locales.<img decoding=\"async\" height=\"16\" width=\"16\" alt=\"&#x1f46e;&#x200d;&#x2642;&#xfe0f;\" data-src=\"https:\/\/static.xx.fbcdn.net\/images\/emoji.php\/v9\/t2b\/1\/16\/1f46e_200d_2642.png\" src=\"data:image\/svg+xml;base64,PHN2ZyB3aWR0aD0iMSIgaGVpZ2h0PSIxIiB4bWxucz0iaHR0cDovL3d3dy53My5vcmcvMjAwMC9zdmciPjwvc3ZnPg==\" class=\"lazyload\" style=\"--smush-placeholder-width: 16px; --smush-placeholder-aspect-ratio: 16\/16;\">El subcomisario Eduardo Borro, nos inform\u00f3 sobre este hecho. \u00abSe est\u00e1 evaluando si hab\u00eda alguien m\u00e1s acompa\u00f1ando a este joven que sigue aprehendido en la dependencia esperando que disponga fiscal\u00eda para declarar\u00bb<\/p>\n\n\n\n<p>Fuente: Fm Tiempo<\/p>\n","protected":false},"excerpt":{"rendered":"<p>El delincuente de 18 a\u00f1os que fue detenido este domingo en horas de la madrugada por ingresar a dos comercios de calle Laprida al 1200, se olvid\u00f3 el documento. A primera hora del domingo, alrededor de las 05.10 hs polic\u00eda toma conocimiento a trav\u00e9s de un llamado a 911 que un sujeto hab\u00eda ingresado a [&hellip;]<\/p>\n","protected":false},"author":4,"featured_media":94150,"comment_status":"open","ping_status":"closed","sticky":false,"template":"","format":"standard","meta":{"om_disable_all_campaigns":false,"_jetpack_memberships_contains_paid_content":false,"footnotes":""},"categories":[621],"tags":[],"class_list":["post-94149","post","type-post","status-publish","format-standard","has-post-thumbnail","hentry","category-regionales"],"aioseo_notices":[],"gutentor_comment":0,"jetpack_featured_media_url":"https:\/\/eldiariodesanpedro.com.ar\/sitio\/wp-content\/uploads\/2021\/06\/201045777_1722603451260984_5314061333939403089_n.jpg","jetpack_shortlink":"https:\/\/wp.me\/p6RhLt-oux","jetpack_sharing_enabled":true,"_links":{"self":[{"href":"https:\/\/eldiariodesanpedro.com.ar\/sitio\/wp-json\/wp\/v2\/posts\/94149","targetHints":{"allow":["GET"]}}],"collection":[{"href":"https:\/\/eldiariodesanpedro.com.ar\/sitio\/wp-json\/wp\/v2\/posts"}],"about":[{"href":"https:\/\/eldiariodesanpedro.com.ar\/sitio\/wp-json\/wp\/v2\/types\/post"}],"author":[{"embeddable":true,"href":"https:\/\/eldiariodesanpedro.com.ar\/sitio\/wp-json\/wp\/v2\/users\/4"}],"replies":[{"embeddable":true,"href":"https:\/\/eldiariodesanpedro.com.ar\/sitio\/wp-json\/wp\/v2\/comments?post=94149"}],"version-history":[{"count":3,"href":"https:\/\/eldiariodesanpedro.com.ar\/sitio\/wp-json\/wp\/v2\/posts\/94149\/revisions"}],"predecessor-version":[{"id":94158,"href":"https:\/\/eldiariodesanpedro.com.ar\/sitio\/wp-json\/wp\/v2\/posts\/94149\/revisions\/94158"}],"wp:featuredmedia":[{"embeddable":true,"href":"https:\/\/eldiariodesanpedro.com.ar\/sitio\/wp-json\/wp\/v2\/media\/94150"}],"wp:attachment":[{"href":"https:\/\/eldiariodesanpedro.com.ar\/sitio\/wp-json\/wp\/v2\/media?parent=94149"}],"wp:term":[{"taxonomy":"category","embeddable":true,"href":"https:\/\/eldiariodesanpedro.com.ar\/sitio\/wp-json\/wp\/v2\/categories?post=94149"},{"taxonomy":"post_tag","embeddable":true,"href":"https:\/\/eldiariodesanpedro.com.ar\/sitio\/wp-json\/wp\/v2\/tags?post=94149"}],"curies":[{"name":"wp","href":"https:\/\/api.w.org\/{rel}","templated":true}]}}