{"id":94139,"date":"2021-06-14T10:36:15","date_gmt":"2021-06-14T13:36:15","guid":{"rendered":"https:\/\/eldiariodesanpedro.com.ar\/sitio\/?p=94139"},"modified":"2021-06-14T10:36:19","modified_gmt":"2021-06-14T13:36:19","slug":"yanina-botta-necesitamos-trabajar-porque-son-muchos-las-personas-que-viven-del-comercio","status":"publish","type":"post","link":"https:\/\/eldiariodesanpedro.com.ar\/sitio\/yanina-botta-necesitamos-trabajar-porque-son-muchos-las-personas-que-viven-del-comercio\/","title":{"rendered":"Yanina Botta: \u201cNecesitamos trabajar porque son muchos las personas que viven del comercio\u201d"},"content":{"rendered":"<!-- VideographyWP Plugin Message: Automatic video embedding prevented by plugin options. -->\n\n<p>Sin confinamiento este fin de semana los comercios de la ciudad pudieron trabajar con mayor normalidad de acuerda a las medidas que enmarcan a la situaci\u00f3n sanitaria de San Pedro.<\/p>\n\n\n\n<p>Despu\u00e9s de los reclamos, opiniones encontradas y el encuentro mantenido con el Centro de Comercio, ya sin confinamiento y con la ciudad en Fase 2, las medidas sanitarias son otras y durante el fin de semana los comerciantes pudieron trabajar en un contexto totalmente diferente al de hace unos d\u00edas atr\u00e1s.<\/p>\n\n\n\n<p>Con los \u00e1nimos m\u00e1s distendidos y una buena expectativa de cara a lo que puede suceder en San Pedro dependiendo del comportamiento de la pandemia en las pr\u00f3ximas semanas, los comercios lograron recuperar un poco m\u00e1s la sonrisa para comenzar a revertir una situaci\u00f3n totalmente adversa y que pareci\u00f3 ser desigual al diferenciar a un rubro con otro, cuando las modalidades de trabajo son pr\u00e1cticamente similares con realidades totalmente diferentes a las que se viven en los distritos del interior bonaerense.<\/p>\n\n\n\n<p>Son m\u00e1s de 2500 los comercios de la ciudad que pretenden poder trabajar para sostener lo que con tanto esfuerzo construyeron, entre ellos, los medios de comunicaci\u00f3n, que se vieron afectados con casos donde tuvieron que bajar las persianas, despedir periodistas, cambiar de formato para subsistir y hasta darles una mano a los propios comerciantes que debieron encontrarle la vuelta, reinventarse, para que sus ingresos diarios no mermen. A todo esto hubo quienes equivocaron los caminos y por un punto de vista period\u00edstico diferente, en donde ni siquiera se pon\u00eda en dudas la honorabilidad y calidad de las personas que se hicieron visibles ante la comunidad, agredieron y atentaron lastimosamente contra la libertad de expresi\u00f3n de quienes ejercen la funci\u00f3n.<\/p>\n\n\n\n<p>Yanina Botta, integrante de una respetada y tradicional familia de comerciantes de la ciudad, habl\u00f3 en el aire de FM G\u00e9nesis, y reflej\u00f3 cu\u00e1l es la situaci\u00f3n por la que atraviesan en el rubro, y el significado que tuvo la reuni\u00f3n virtual mantenida con el Centro de Comercio. &nbsp;&nbsp;&nbsp;&nbsp;&nbsp;&nbsp;&nbsp;&nbsp;&nbsp;&nbsp;<\/p>\n\n\n\n<p>\u201cFue una reuni\u00f3n amena donde los comerciantes hablamos con los integrantes del Centro de Comercio, ellos escucharon nuestras inquietudes y nos explicaron lo que est\u00e1n haciendo ante estas circunstancias\u201d, cont\u00f3.<\/p>\n\n\n\n<p>\u201cEl tema principal gir\u00f3 en torno a la situaci\u00f3n que est\u00e1 pasando nuestra ciudad y el pa\u00eds, y c\u00f3mo podemos ayudar los comerciantes y a la vez qu\u00e9 hacer para poder seguir trabajando sin que corra riegos la comunidad\u201d, se\u00f1al\u00f3 Botta.<\/p>\n\n\n\n<p>\u201cEstuvimos de acuerdo en muchos puntos y se acord\u00f3 seguir trabajando en conjunto. La idea es sumar y no restar desde ambas partes\u201d.<\/p>\n\n\n\n<p>\u201cLa gente debe saber que ir a un comercio no contagia, que se toman las medidas, se aplican todos los protocolos y que no todos los comerciantes son grande empresarios. Somos personas comunes que necesitamos trabajar porque son muchos las personas que viven del comercio, sea el producto que sea\u201d.<\/p>\n\n\n\n<p>\u201cHay que concientizar a la comunidad de que el cuidado est\u00e1 en cada uno\u201d, remarc\u00f3 Yanina Botta.<\/p>\n\n\n\n<p>\u201cPedimos disculpas si alg\u00fan sampedrino se sinti\u00f3 tocado, estamos todos tan mal que cualquier cosita nos saca de nuestro eje y nos hace actuar o decir cosas que no son como la pensamos, y que cuando la pensamos tranquilos vemos que exageramos\u201d, afirm\u00f3.<\/p>\n\n\n\n<p>\u201cLos comerciantes tambi\u00e9n tenemos miedo, tambi\u00e9n sufrimos por esto que est\u00e1 pasando\u201d.<\/p>\n\n\n\n<p>Fuente: <a href=\"https:\/\/www.sanpedroinforma.com.ar\/nota\/124247\/sociedad\/yanina-botta-necesitamos-trabajar-porque-son-muchos-las-personas-que-viven-del-comercio.html\">San Pedro Informa<\/a><\/p>\n","protected":false},"excerpt":{"rendered":"<p>Sin confinamiento este fin de semana los comercios de la ciudad pudieron trabajar con mayor normalidad de acuerda a las medidas que enmarcan a la situaci\u00f3n sanitaria de San Pedro. Despu\u00e9s de los reclamos, opiniones encontradas y el encuentro mantenido con el Centro de Comercio, ya sin confinamiento y con la ciudad en Fase 2, [&hellip;]<\/p>\n","protected":false},"author":4,"featured_media":94140,"comment_status":"open","ping_status":"closed","sticky":false,"template":"","format":"standard","meta":{"om_disable_all_campaigns":false,"_jetpack_memberships_contains_paid_content":false,"footnotes":""},"categories":[50,101,2],"tags":[],"class_list":["post-94139","post","type-post","status-publish","format-standard","has-post-thumbnail","hentry","category-destacadas","category-interes-general-locales","category-locales"],"aioseo_notices":[],"gutentor_comment":0,"jetpack_featured_media_url":"https:\/\/eldiariodesanpedro.com.ar\/sitio\/wp-content\/uploads\/2021\/06\/000091970.jpg","jetpack_shortlink":"https:\/\/wp.me\/p6RhLt-oun","jetpack_sharing_enabled":true,"_links":{"self":[{"href":"https:\/\/eldiariodesanpedro.com.ar\/sitio\/wp-json\/wp\/v2\/posts\/94139","targetHints":{"allow":["GET"]}}],"collection":[{"href":"https:\/\/eldiariodesanpedro.com.ar\/sitio\/wp-json\/wp\/v2\/posts"}],"about":[{"href":"https:\/\/eldiariodesanpedro.com.ar\/sitio\/wp-json\/wp\/v2\/types\/post"}],"author":[{"embeddable":true,"href":"https:\/\/eldiariodesanpedro.com.ar\/sitio\/wp-json\/wp\/v2\/users\/4"}],"replies":[{"embeddable":true,"href":"https:\/\/eldiariodesanpedro.com.ar\/sitio\/wp-json\/wp\/v2\/comments?post=94139"}],"version-history":[{"count":1,"href":"https:\/\/eldiariodesanpedro.com.ar\/sitio\/wp-json\/wp\/v2\/posts\/94139\/revisions"}],"predecessor-version":[{"id":94141,"href":"https:\/\/eldiariodesanpedro.com.ar\/sitio\/wp-json\/wp\/v2\/posts\/94139\/revisions\/94141"}],"wp:featuredmedia":[{"embeddable":true,"href":"https:\/\/eldiariodesanpedro.com.ar\/sitio\/wp-json\/wp\/v2\/media\/94140"}],"wp:attachment":[{"href":"https:\/\/eldiariodesanpedro.com.ar\/sitio\/wp-json\/wp\/v2\/media?parent=94139"}],"wp:term":[{"taxonomy":"category","embeddable":true,"href":"https:\/\/eldiariodesanpedro.com.ar\/sitio\/wp-json\/wp\/v2\/categories?post=94139"},{"taxonomy":"post_tag","embeddable":true,"href":"https:\/\/eldiariodesanpedro.com.ar\/sitio\/wp-json\/wp\/v2\/tags?post=94139"}],"curies":[{"name":"wp","href":"https:\/\/api.w.org\/{rel}","templated":true}]}}