{"id":94133,"date":"2021-06-14T10:12:58","date_gmt":"2021-06-14T13:12:58","guid":{"rendered":"https:\/\/eldiariodesanpedro.com.ar\/sitio\/?p=94133"},"modified":"2021-06-14T10:13:03","modified_gmt":"2021-06-14T13:13:03","slug":"fin-de-semana-largo-por-que-es-feriado-el-21-de-junio","status":"publish","type":"post","link":"https:\/\/eldiariodesanpedro.com.ar\/sitio\/fin-de-semana-largo-por-que-es-feriado-el-21-de-junio\/","title":{"rendered":"Fin de semana largo: \u00bfpor qu\u00e9 es feriado el 21 de junio?"},"content":{"rendered":"<!-- VideographyWP Plugin Message: Automatic video embedding prevented by plugin options. -->\n\n<p>En unos pocos d\u00edas, los argentinos tendr\u00e1n un descanso extra a ra\u00edz de un nuevo fin de semana largo. \u00bfQu\u00e9 se conmemora el lunes?<\/p>\n\n\n\n<p>Despu\u00e9s de los feriados por la\u00a0<strong>Revoluci\u00f3n de Mayo<\/strong>, que tuvieron lugar el lunes 24 y el martes 25 de mayo pasados, los argentinos tendr\u00e1n un nuevo\u00a0<strong>fin de semana largo<\/strong>\u00a0en solo unos pocos d\u00edas.<\/p>\n\n\n\n<p>De acuerdo al calendario nacional, la pr\u00f3xima fecha patria tendr\u00e1 lugar el domingo 20 de\u00a0junio\u00a0por el \u00abPaso a la Inmortalidad del General Manuel Belgrano\u00bb. Inmediatamente despu\u00e9s,\u00a0el lunes 21, se recordar\u00e1 la muerte de Mart\u00edn Miguel de G\u00fcemes.<\/p>\n\n\n\n<p>Si bien la muerte de G\u00fcemes ocurri\u00f3 un&nbsp;<strong>17 de junio<\/strong>, este a\u00f1o&nbsp;se conmemorar\u00e1 el lunes 21 por ser uno de los&nbsp;<a href=\"https:\/\/infocielo.com\/feriados-a4773\">feriados<\/a>&nbsp;trasladables&nbsp;previstos en el art\u00edculo 6 de la Ley 27.399.<\/p>\n\n\n\n<p>Vale recordar que los d\u00edas feriados nacionales rigen las mismas normas legales que sobre el descanso dominical, por lo que, en caso de ser trabajados, se recompensar\u00e1 con un 100 por ciento m\u00e1s la remuneraci\u00f3n habitual.<\/p>\n\n\n\n<p>Militar, pol\u00edtico, intelectual, economista y gran promotor de la educaci\u00f3n,&nbsp;<strong>Manuel Belgrano muri\u00f3 el 20 de junio de 1820<\/strong>. El 3 de junio del a\u00f1o pasado se cumplieron 250 a\u00f1os de su nacimiento y este hito junto al bicentenario de su fallecimiento hicieron que el presidente Alberto Fern\u00e1ndez declarara al 2020 como \u201cel a\u00f1o del Belgrano\u201d a trav\u00e9s del Decreto 2\/2020.<\/p>\n\n\n\n<p><strong>Mart\u00edn Miguel de G\u00fcemes falleci\u00f3 el 17 de junio de 1821<\/strong>, tras recibir un balazo en la espalda cuando escapaba de los realistas que hab\u00edan invadido Salta. Adem\u00e1s de haber sido gobernador de esa provincia por seis a\u00f1os, se destac\u00f3 por su carrera militar y sus roles estrat\u00e9gicos en conflictos b\u00e9licos cruciales, como la Guerra de la Independencia. El feriado por su fallecimiento fue incluido en el calendario oficial reci\u00e9n en 2016.<\/p>\n\n\n\n<h3 class=\"wp-block-heading\">Cu\u00e1les son los feriados del 2021<\/h3>\n\n\n\n<p>Culminadas estas conmemoraciones, el calendario nacional establece para el 2021 los siguientes feriados:<\/p>\n\n\n\n<ul class=\"wp-block-list\"><li><strong>Feriados inamovibles:<\/strong>&nbsp;9 de julio (D\u00eda de la Independencia), 8 de diciembre (D\u00eda de la Inmaculada Concepci\u00f3n de Mar\u00eda) y 25 de diciembre (Navidad).<\/li><li><strong>Feriados trasladables:<\/strong>&nbsp;17 de agosto (Paso a la Inmortalidad del Gral. Jos\u00e9 de San Mart\u00edn) al 16 de agosto, el 12 de octubre (D\u00eda del Respeto a la Diversidad Cultural) al 11 de octubre y el 20 de noviembre (D\u00eda de la Soberan\u00eda Nacional).<\/li><li><strong>Feriados con fines tur\u00edsticos:<\/strong>&nbsp;8 de octubre y 22 de noviembre.<\/li><\/ul>\n\n\n\n<p>A estas fechas, a su vez, habr\u00eda que agregarles los tradicionales asuetos a la administraci\u00f3n p\u00fablica los d\u00edas 24 y 31 de diciembre, que este a\u00f1o caer\u00e1n viernes.<\/p>\n\n\n\n<p>Fuente: Infocielo<\/p>\n","protected":false},"excerpt":{"rendered":"<p>En unos pocos d\u00edas, los argentinos tendr\u00e1n un descanso extra a ra\u00edz de un nuevo fin de semana largo. \u00bfQu\u00e9 se conmemora el lunes? Despu\u00e9s de los feriados por la\u00a0Revoluci\u00f3n de Mayo, que tuvieron lugar el lunes 24 y el martes 25 de mayo pasados, los argentinos tendr\u00e1n un nuevo\u00a0fin de semana largo\u00a0en solo unos [&hellip;]<\/p>\n","protected":false},"author":4,"featured_media":94134,"comment_status":"open","ping_status":"closed","sticky":false,"template":"","format":"standard","meta":{"om_disable_all_campaigns":false,"_jetpack_memberships_contains_paid_content":false,"footnotes":""},"categories":[621],"tags":[],"class_list":["post-94133","post","type-post","status-publish","format-standard","has-post-thumbnail","hentry","category-regionales"],"aioseo_notices":[],"gutentor_comment":0,"jetpack_featured_media_url":"https:\/\/eldiariodesanpedro.com.ar\/sitio\/wp-content\/uploads\/2021\/06\/se-acerca-un-nuevo-fin-semana-largo.jpg","jetpack_shortlink":"https:\/\/wp.me\/p6RhLt-ouh","jetpack_sharing_enabled":true,"_links":{"self":[{"href":"https:\/\/eldiariodesanpedro.com.ar\/sitio\/wp-json\/wp\/v2\/posts\/94133","targetHints":{"allow":["GET"]}}],"collection":[{"href":"https:\/\/eldiariodesanpedro.com.ar\/sitio\/wp-json\/wp\/v2\/posts"}],"about":[{"href":"https:\/\/eldiariodesanpedro.com.ar\/sitio\/wp-json\/wp\/v2\/types\/post"}],"author":[{"embeddable":true,"href":"https:\/\/eldiariodesanpedro.com.ar\/sitio\/wp-json\/wp\/v2\/users\/4"}],"replies":[{"embeddable":true,"href":"https:\/\/eldiariodesanpedro.com.ar\/sitio\/wp-json\/wp\/v2\/comments?post=94133"}],"version-history":[{"count":1,"href":"https:\/\/eldiariodesanpedro.com.ar\/sitio\/wp-json\/wp\/v2\/posts\/94133\/revisions"}],"predecessor-version":[{"id":94135,"href":"https:\/\/eldiariodesanpedro.com.ar\/sitio\/wp-json\/wp\/v2\/posts\/94133\/revisions\/94135"}],"wp:featuredmedia":[{"embeddable":true,"href":"https:\/\/eldiariodesanpedro.com.ar\/sitio\/wp-json\/wp\/v2\/media\/94134"}],"wp:attachment":[{"href":"https:\/\/eldiariodesanpedro.com.ar\/sitio\/wp-json\/wp\/v2\/media?parent=94133"}],"wp:term":[{"taxonomy":"category","embeddable":true,"href":"https:\/\/eldiariodesanpedro.com.ar\/sitio\/wp-json\/wp\/v2\/categories?post=94133"},{"taxonomy":"post_tag","embeddable":true,"href":"https:\/\/eldiariodesanpedro.com.ar\/sitio\/wp-json\/wp\/v2\/tags?post=94133"}],"curies":[{"name":"wp","href":"https:\/\/api.w.org\/{rel}","templated":true}]}}