{"id":94128,"date":"2021-06-13T19:18:42","date_gmt":"2021-06-13T22:18:42","guid":{"rendered":"https:\/\/eldiariodesanpedro.com.ar\/sitio\/?p=94128"},"modified":"2021-06-13T19:18:46","modified_gmt":"2021-06-13T22:18:46","slug":"fallecio-el-periodista-roberto-pelado-ricardo","status":"publish","type":"post","link":"https:\/\/eldiariodesanpedro.com.ar\/sitio\/fallecio-el-periodista-roberto-pelado-ricardo\/","title":{"rendered":"Falleci\u00f3 el periodista Roberto \u00abPelado\u00bb Ricardo"},"content":{"rendered":"<!-- VideographyWP Plugin Message: Automatic video embedding prevented by plugin options. -->\n\n<p>Se desempe\u00f1\u00f3 en distintos medios de la ciudad y Capital Federal. Ten\u00eda 83 a\u00f1os. Se especializ\u00f3 en la informaci\u00f3n del automovilismo.<\/p>\n\n\n\n<p>Este domingo 12 de junio falleci\u00f3 en nuestra ciudad el&nbsp;periodista deportivo Roberto \u00abPelado\u00bb Ricardo. Ten\u00eda 83 a\u00f1os y sobresali\u00f3 en&nbsp;la informaci\u00f3n automovil\u00edstica.<\/p>\n\n\n\n<p>Ricardo tuvo una vida dedicada a la difusi\u00f3n de las competencias de toda la regi\u00f3n, experimentando momentos inolvidables cuando cubri\u00f3 las pruebas m\u00e1s importantes del pa\u00eds.<\/p>\n\n\n\n<p>Tuvo la oportunidad de trabajar en distintos medios de la ciudad, en la zona y de Buenos Aires, a trav\u00e9s de distintos programas como Motores en Marcha, Volantes y Motores, y A Pista, su \u00faltima experiencia en los medios de comunicaci\u00f3n cubriendo las competencias del automovilismo zonal.&nbsp;<\/p>\n\n\n\n<p>Tambi\u00e9n fue el generador diversos encuentros de autos que se realizaban en el centro de la ciudad y hasta lleg\u00f3 a incursionar en la pol\u00edtica local.&nbsp;<\/p>\n\n\n\n<p>Desde El Diario de San Pedro, San Pedro Informa y\u00a0\u00a0FM G\u00e9nesis ofrecemos nuestras condolencias y\u00a0acompa\u00f1amos\u00a0a su querida familia en este dif\u00edcil momento.<\/p>\n\n\n\n<p>QEPD Roberto \u00abPelado\u00bb Ricardo.\u00a0\u00a0\u00a0\u00a0<\/p>\n\n\n\n<p>Fuente: <a href=\"https:\/\/www.sanpedroinforma.com.ar\/nota\/124244\/sociedad\/fallecio-el-periodista-roberto-pelado-ricardo.html\">San Pedro Informa<\/a><\/p>\n","protected":false},"excerpt":{"rendered":"<p>Se desempe\u00f1\u00f3 en distintos medios de la ciudad y Capital Federal. Ten\u00eda 83 a\u00f1os. Se especializ\u00f3 en la informaci\u00f3n del automovilismo. Este domingo 12 de junio falleci\u00f3 en nuestra ciudad el&nbsp;periodista deportivo Roberto \u00abPelado\u00bb Ricardo. Ten\u00eda 83 a\u00f1os y sobresali\u00f3 en&nbsp;la informaci\u00f3n automovil\u00edstica. Ricardo tuvo una vida dedicada a la difusi\u00f3n de las competencias de [&hellip;]<\/p>\n","protected":false},"author":4,"featured_media":94129,"comment_status":"open","ping_status":"closed","sticky":false,"template":"","format":"standard","meta":{"om_disable_all_campaigns":false,"_jetpack_memberships_contains_paid_content":false,"footnotes":""},"categories":[50,101,2],"tags":[],"class_list":["post-94128","post","type-post","status-publish","format-standard","has-post-thumbnail","hentry","category-destacadas","category-interes-general-locales","category-locales"],"aioseo_notices":[],"gutentor_comment":0,"jetpack_featured_media_url":"https:\/\/eldiariodesanpedro.com.ar\/sitio\/wp-content\/uploads\/2021\/06\/000091947.jpg","jetpack_shortlink":"https:\/\/wp.me\/p6RhLt-ouc","jetpack_sharing_enabled":true,"_links":{"self":[{"href":"https:\/\/eldiariodesanpedro.com.ar\/sitio\/wp-json\/wp\/v2\/posts\/94128","targetHints":{"allow":["GET"]}}],"collection":[{"href":"https:\/\/eldiariodesanpedro.com.ar\/sitio\/wp-json\/wp\/v2\/posts"}],"about":[{"href":"https:\/\/eldiariodesanpedro.com.ar\/sitio\/wp-json\/wp\/v2\/types\/post"}],"author":[{"embeddable":true,"href":"https:\/\/eldiariodesanpedro.com.ar\/sitio\/wp-json\/wp\/v2\/users\/4"}],"replies":[{"embeddable":true,"href":"https:\/\/eldiariodesanpedro.com.ar\/sitio\/wp-json\/wp\/v2\/comments?post=94128"}],"version-history":[{"count":1,"href":"https:\/\/eldiariodesanpedro.com.ar\/sitio\/wp-json\/wp\/v2\/posts\/94128\/revisions"}],"predecessor-version":[{"id":94130,"href":"https:\/\/eldiariodesanpedro.com.ar\/sitio\/wp-json\/wp\/v2\/posts\/94128\/revisions\/94130"}],"wp:featuredmedia":[{"embeddable":true,"href":"https:\/\/eldiariodesanpedro.com.ar\/sitio\/wp-json\/wp\/v2\/media\/94129"}],"wp:attachment":[{"href":"https:\/\/eldiariodesanpedro.com.ar\/sitio\/wp-json\/wp\/v2\/media?parent=94128"}],"wp:term":[{"taxonomy":"category","embeddable":true,"href":"https:\/\/eldiariodesanpedro.com.ar\/sitio\/wp-json\/wp\/v2\/categories?post=94128"},{"taxonomy":"post_tag","embeddable":true,"href":"https:\/\/eldiariodesanpedro.com.ar\/sitio\/wp-json\/wp\/v2\/tags?post=94128"}],"curies":[{"name":"wp","href":"https:\/\/api.w.org\/{rel}","templated":true}]}}