{"id":94101,"date":"2021-06-12T12:19:41","date_gmt":"2021-06-12T15:19:41","guid":{"rendered":"https:\/\/eldiariodesanpedro.com.ar\/sitio\/?p=94101"},"modified":"2021-06-12T12:19:45","modified_gmt":"2021-06-12T15:19:45","slug":"san-nicolas-la-uti-del-hospital-con-ocupacion-del-84-por-ciento","status":"publish","type":"post","link":"https:\/\/eldiariodesanpedro.com.ar\/sitio\/san-nicolas-la-uti-del-hospital-con-ocupacion-del-84-por-ciento\/","title":{"rendered":"SAN NICOL\u00c1S | La UTI del hospital con ocupaci\u00f3n del 84 por ciento"},"content":{"rendered":"<!-- VideographyWP Plugin Message: Automatic video embedding prevented by plugin options. -->\n\n<p>Seg\u00fan la informaci\u00f3n brindada por la Fundaci\u00f3n Nuestra Se\u00f1ora del Rosario, en la instituci\u00f3n se encuentran 54 pacientes internados en sala COVID, y 13 en Terapia Intensiva. No hay personas con diagn\u00f3stico presuntivo sospechoso.<\/p>\n\n\n\n<p>Por otro lado, se procesaron 33 test de PCR, con 27 por ciento de casos positivos, y 20 test de ant\u00edgenos encontr\u00e1ndose un 5% de casos positivos.<br>&nbsp;<\/p>\n\n\n\n<p>Por su parte, el Hospital San Felipe posee 24 internados en sala COVID, lo que representa un 100 por ciento de ocupaci\u00f3n; m\u00e1s 2 pacientes en las ampliaciones; a los que se le suman 11 personas en UTI COVID. En Terapia de Cuidados Intensivos, producto de otras patolog\u00edas, est\u00e1n ocupadas 5 camas.<br><br>La ocupaci\u00f3n total de camas en Terapia Intensiva asciende al 84 por ciento.<br><br>Ayer se atendieron 22 pacientes con sintomatolog\u00eda compatible con coronavirus y se realizaron 17 PCR y 5 test r\u00e1pidos.<\/p>\n\n\n\n<p>Fuente: <a href=\"http:\/\/www.diarioelinformante.com.ar\/\">Diario El Informante<\/a><\/p>\n","protected":false},"excerpt":{"rendered":"<p>Seg\u00fan la informaci\u00f3n brindada por la Fundaci\u00f3n Nuestra Se\u00f1ora del Rosario, en la instituci\u00f3n se encuentran 54 pacientes internados en sala COVID, y 13 en Terapia Intensiva. No hay personas con diagn\u00f3stico presuntivo sospechoso. Por otro lado, se procesaron 33 test de PCR, con 27 por ciento de casos positivos, y 20 test de ant\u00edgenos [&hellip;]<\/p>\n","protected":false},"author":4,"featured_media":94102,"comment_status":"open","ping_status":"closed","sticky":false,"template":"","format":"standard","meta":{"om_disable_all_campaigns":false,"_jetpack_memberships_contains_paid_content":false,"footnotes":""},"categories":[621],"tags":[],"class_list":["post-94101","post","type-post","status-publish","format-standard","has-post-thumbnail","hentry","category-regionales"],"aioseo_notices":[],"gutentor_comment":0,"jetpack_featured_media_url":"https:\/\/eldiariodesanpedro.com.ar\/sitio\/wp-content\/uploads\/2021\/06\/5feb3775a9ab7_1004x564.jpg","jetpack_shortlink":"https:\/\/wp.me\/p6RhLt-otL","jetpack_sharing_enabled":true,"_links":{"self":[{"href":"https:\/\/eldiariodesanpedro.com.ar\/sitio\/wp-json\/wp\/v2\/posts\/94101","targetHints":{"allow":["GET"]}}],"collection":[{"href":"https:\/\/eldiariodesanpedro.com.ar\/sitio\/wp-json\/wp\/v2\/posts"}],"about":[{"href":"https:\/\/eldiariodesanpedro.com.ar\/sitio\/wp-json\/wp\/v2\/types\/post"}],"author":[{"embeddable":true,"href":"https:\/\/eldiariodesanpedro.com.ar\/sitio\/wp-json\/wp\/v2\/users\/4"}],"replies":[{"embeddable":true,"href":"https:\/\/eldiariodesanpedro.com.ar\/sitio\/wp-json\/wp\/v2\/comments?post=94101"}],"version-history":[{"count":1,"href":"https:\/\/eldiariodesanpedro.com.ar\/sitio\/wp-json\/wp\/v2\/posts\/94101\/revisions"}],"predecessor-version":[{"id":94103,"href":"https:\/\/eldiariodesanpedro.com.ar\/sitio\/wp-json\/wp\/v2\/posts\/94101\/revisions\/94103"}],"wp:featuredmedia":[{"embeddable":true,"href":"https:\/\/eldiariodesanpedro.com.ar\/sitio\/wp-json\/wp\/v2\/media\/94102"}],"wp:attachment":[{"href":"https:\/\/eldiariodesanpedro.com.ar\/sitio\/wp-json\/wp\/v2\/media?parent=94101"}],"wp:term":[{"taxonomy":"category","embeddable":true,"href":"https:\/\/eldiariodesanpedro.com.ar\/sitio\/wp-json\/wp\/v2\/categories?post=94101"},{"taxonomy":"post_tag","embeddable":true,"href":"https:\/\/eldiariodesanpedro.com.ar\/sitio\/wp-json\/wp\/v2\/tags?post=94101"}],"curies":[{"name":"wp","href":"https:\/\/api.w.org\/{rel}","templated":true}]}}