{"id":94098,"date":"2021-06-12T12:09:01","date_gmt":"2021-06-12T15:09:01","guid":{"rendered":"https:\/\/eldiariodesanpedro.com.ar\/sitio\/?p=94098"},"modified":"2021-06-12T12:09:05","modified_gmt":"2021-06-12T15:09:05","slug":"ramallo-piden-bono-de-15-mil-pesos-para-empleados-municipales","status":"publish","type":"post","link":"https:\/\/eldiariodesanpedro.com.ar\/sitio\/ramallo-piden-bono-de-15-mil-pesos-para-empleados-municipales\/","title":{"rendered":"RAMALLO | Piden bono de 15 mil pesos para empleados municipales"},"content":{"rendered":"<!-- VideographyWP Plugin Message: Automatic video embedding prevented by plugin options. -->\n\n<p>El Sindicato de Obreros y Empleados Municipales le envi\u00f3 una nota al intendente&nbsp;<strong>Gustavo Peri\u00e9<\/strong>&nbsp;para solicitar una \u201cAsignaci\u00f3n Estimulo\u201d de 15 mil pesos para los trabajadores municipales declarados esenciales y que prestaron servicios en los meses de mayo, junio y julio.<\/p>\n\n\n\n<p>El pedido es extensible a todos los trabajadores de la administraci\u00f3n central y del Hospital Jos\u00e9 Mar\u00eda Gomendio.<\/p>\n\n\n\n<p>\u201cVen\u00edamos evaluando despu\u00e9s de la resoluci\u00f3n conjunta del Ministerio de Trabajo y del Ministerio de Salud decidimos hacer el pedido. Cualquiera de los sectores que trabaja que est\u00e1n trabajando en la pandemia tienen que ser reconocido con este estimulo\u201d, resumi\u00f3\u00a0<strong>Marta Oliveros<\/strong>, secretaria general del SOEM.<\/p>\n\n\n\n<p>Fuente: <a href=\"http:\/\/www.ramallociudad.com.ar\/nota.asp?id=162610&amp;t=Piden-bono-de-15-mil-pesos-para-empleados-municipales\">Ramallo Ciudad<\/a><\/p>\n","protected":false},"excerpt":{"rendered":"<p>El Sindicato de Obreros y Empleados Municipales le envi\u00f3 una nota al intendente&nbsp;Gustavo Peri\u00e9&nbsp;para solicitar una \u201cAsignaci\u00f3n Estimulo\u201d de 15 mil pesos para los trabajadores municipales declarados esenciales y que prestaron servicios en los meses de mayo, junio y julio. El pedido es extensible a todos los trabajadores de la administraci\u00f3n central y del Hospital [&hellip;]<\/p>\n","protected":false},"author":4,"featured_media":94099,"comment_status":"open","ping_status":"closed","sticky":false,"template":"","format":"standard","meta":{"om_disable_all_campaigns":false,"_jetpack_memberships_contains_paid_content":false,"footnotes":""},"categories":[2],"tags":[],"class_list":["post-94098","post","type-post","status-publish","format-standard","has-post-thumbnail","hentry","category-locales"],"aioseo_notices":[],"gutentor_comment":0,"jetpack_featured_media_url":"https:\/\/eldiariodesanpedro.com.ar\/sitio\/wp-content\/uploads\/2021\/06\/bbx_411942946_1_8e312c0d-2869-4.jpg","jetpack_shortlink":"https:\/\/wp.me\/p6RhLt-otI","jetpack_sharing_enabled":true,"_links":{"self":[{"href":"https:\/\/eldiariodesanpedro.com.ar\/sitio\/wp-json\/wp\/v2\/posts\/94098","targetHints":{"allow":["GET"]}}],"collection":[{"href":"https:\/\/eldiariodesanpedro.com.ar\/sitio\/wp-json\/wp\/v2\/posts"}],"about":[{"href":"https:\/\/eldiariodesanpedro.com.ar\/sitio\/wp-json\/wp\/v2\/types\/post"}],"author":[{"embeddable":true,"href":"https:\/\/eldiariodesanpedro.com.ar\/sitio\/wp-json\/wp\/v2\/users\/4"}],"replies":[{"embeddable":true,"href":"https:\/\/eldiariodesanpedro.com.ar\/sitio\/wp-json\/wp\/v2\/comments?post=94098"}],"version-history":[{"count":1,"href":"https:\/\/eldiariodesanpedro.com.ar\/sitio\/wp-json\/wp\/v2\/posts\/94098\/revisions"}],"predecessor-version":[{"id":94100,"href":"https:\/\/eldiariodesanpedro.com.ar\/sitio\/wp-json\/wp\/v2\/posts\/94098\/revisions\/94100"}],"wp:featuredmedia":[{"embeddable":true,"href":"https:\/\/eldiariodesanpedro.com.ar\/sitio\/wp-json\/wp\/v2\/media\/94099"}],"wp:attachment":[{"href":"https:\/\/eldiariodesanpedro.com.ar\/sitio\/wp-json\/wp\/v2\/media?parent=94098"}],"wp:term":[{"taxonomy":"category","embeddable":true,"href":"https:\/\/eldiariodesanpedro.com.ar\/sitio\/wp-json\/wp\/v2\/categories?post=94098"},{"taxonomy":"post_tag","embeddable":true,"href":"https:\/\/eldiariodesanpedro.com.ar\/sitio\/wp-json\/wp\/v2\/tags?post=94098"}],"curies":[{"name":"wp","href":"https:\/\/api.w.org\/{rel}","templated":true}]}}