{"id":94095,"date":"2021-06-12T12:06:55","date_gmt":"2021-06-12T15:06:55","guid":{"rendered":"https:\/\/eldiariodesanpedro.com.ar\/sitio\/?p=94095"},"modified":"2021-06-12T12:07:00","modified_gmt":"2021-06-12T15:07:00","slug":"san-nicolas-fallecio-un-obrero-en-un-accidente-laboral-en-comirsa","status":"publish","type":"post","link":"https:\/\/eldiariodesanpedro.com.ar\/sitio\/san-nicolas-fallecio-un-obrero-en-un-accidente-laboral-en-comirsa\/","title":{"rendered":"SAN NICOL\u00c1S | Falleci\u00f3 un obrero en un accidente laboral en Comirsa"},"content":{"rendered":"<!-- VideographyWP Plugin Message: Automatic video embedding prevented by plugin options. -->\n\n<p>Un trabajador de la firma AFA, ubicada en el Parque Industrial Comirsa, falleci\u00f3 este jueves en un accidente laboral. Se trata de&nbsp;<strong>V\u00edctor Chavarr\u00eda<\/strong>, de 36 a\u00f1os, oriundo de San Nicol\u00e1s.<\/p>\n\n\n\n<p>Seg\u00fan se pudo saber, Chavarr\u00eda era empleado de GONZAP, una empresa de mantenimiento, y muri\u00f3 aplastado por la estructura de una cinta transportadora que cedi\u00f3.<\/p>\n\n\n\n<p>Se convoc\u00f3 a Polic\u00eda Cient\u00edfica y al fiscal<strong>\u00a0Patricio M\u00fagica D\u00edaz<\/strong>, quien caratul\u00f3 el hecho como \u201caveriguaci\u00f3n causal de muerte\u201d.<\/p>\n\n\n\n<p>Fuente: <a href=\"http:\/\/www.ramallociudad.com.ar\/nota.asp?id=162611&amp;t=Fallecio-un-obrero-en-un-accidente-laboral-en-Comirsa\">Ramallo ciudad <\/a><\/p>\n","protected":false},"excerpt":{"rendered":"<p>Un trabajador de la firma AFA, ubicada en el Parque Industrial Comirsa, falleci\u00f3 este jueves en un accidente laboral. Se trata de&nbsp;V\u00edctor Chavarr\u00eda, de 36 a\u00f1os, oriundo de San Nicol\u00e1s. Seg\u00fan se pudo saber, Chavarr\u00eda era empleado de GONZAP, una empresa de mantenimiento, y muri\u00f3 aplastado por la estructura de una cinta transportadora que cedi\u00f3. [&hellip;]<\/p>\n","protected":false},"author":4,"featured_media":94096,"comment_status":"open","ping_status":"closed","sticky":false,"template":"","format":"standard","meta":{"om_disable_all_campaigns":false,"_jetpack_memberships_contains_paid_content":false,"footnotes":""},"categories":[621],"tags":[],"class_list":["post-94095","post","type-post","status-publish","format-standard","has-post-thumbnail","hentry","category-regionales"],"aioseo_notices":[],"gutentor_comment":0,"jetpack_featured_media_url":"https:\/\/eldiariodesanpedro.com.ar\/sitio\/wp-content\/uploads\/2021\/06\/bbx_411942946_1_acc_afa.jpg","jetpack_shortlink":"https:\/\/wp.me\/p6RhLt-otF","jetpack_sharing_enabled":true,"_links":{"self":[{"href":"https:\/\/eldiariodesanpedro.com.ar\/sitio\/wp-json\/wp\/v2\/posts\/94095","targetHints":{"allow":["GET"]}}],"collection":[{"href":"https:\/\/eldiariodesanpedro.com.ar\/sitio\/wp-json\/wp\/v2\/posts"}],"about":[{"href":"https:\/\/eldiariodesanpedro.com.ar\/sitio\/wp-json\/wp\/v2\/types\/post"}],"author":[{"embeddable":true,"href":"https:\/\/eldiariodesanpedro.com.ar\/sitio\/wp-json\/wp\/v2\/users\/4"}],"replies":[{"embeddable":true,"href":"https:\/\/eldiariodesanpedro.com.ar\/sitio\/wp-json\/wp\/v2\/comments?post=94095"}],"version-history":[{"count":1,"href":"https:\/\/eldiariodesanpedro.com.ar\/sitio\/wp-json\/wp\/v2\/posts\/94095\/revisions"}],"predecessor-version":[{"id":94097,"href":"https:\/\/eldiariodesanpedro.com.ar\/sitio\/wp-json\/wp\/v2\/posts\/94095\/revisions\/94097"}],"wp:featuredmedia":[{"embeddable":true,"href":"https:\/\/eldiariodesanpedro.com.ar\/sitio\/wp-json\/wp\/v2\/media\/94096"}],"wp:attachment":[{"href":"https:\/\/eldiariodesanpedro.com.ar\/sitio\/wp-json\/wp\/v2\/media?parent=94095"}],"wp:term":[{"taxonomy":"category","embeddable":true,"href":"https:\/\/eldiariodesanpedro.com.ar\/sitio\/wp-json\/wp\/v2\/categories?post=94095"},{"taxonomy":"post_tag","embeddable":true,"href":"https:\/\/eldiariodesanpedro.com.ar\/sitio\/wp-json\/wp\/v2\/tags?post=94095"}],"curies":[{"name":"wp","href":"https:\/\/api.w.org\/{rel}","templated":true}]}}