{"id":94092,"date":"2021-06-12T11:39:37","date_gmt":"2021-06-12T14:39:37","guid":{"rendered":"https:\/\/eldiariodesanpedro.com.ar\/sitio\/?p=94092"},"modified":"2021-06-12T11:39:40","modified_gmt":"2021-06-12T14:39:40","slug":"campana-colision-fatal-entre-un-camion-y-dos-camionetas-en-ruta-12","status":"publish","type":"post","link":"https:\/\/eldiariodesanpedro.com.ar\/sitio\/campana-colision-fatal-entre-un-camion-y-dos-camionetas-en-ruta-12\/","title":{"rendered":"CAMPANA  | Colisi\u00f3n fatal entre un cami\u00f3n y dos camionetas en Ruta 12"},"content":{"rendered":"<!-- VideographyWP Plugin Message: Automatic video embedding prevented by plugin options. -->\n\n<p>El hecho ocurri\u00f3 a la altura del km 102. Lamentablemente, dos personas fallecieron producto del impacto. Gendarmer\u00eda y Bomberos trabajaron en el lugar.<\/p>\n\n\n\n<p>Un lamentable hecho ocurri\u00f3 en la jornada de hoy, aproximadamente a las 13 horas, luego de que un cami\u00f3n con destino a la Provincia de Misiones intentara cruzar de carril sobre la Ruta 12, a la altura del kil\u00f3metro 102.<\/p>\n\n\n\n<p>Esta mala maniobra acab\u00f3 con el veh\u00edculo de carga cayendo en un \u201cefecto tijera\u201d, e impactando de frente con dos camionetas modelo Volkswagen Amarok.<\/p>\n\n\n\n<p>Lamentablemente, los dos hombres que viajaban a bordo de una de ellas fallecieron como consecuencia de la fuerte colisi\u00f3n.<\/p>\n\n\n\n<p>Alertados del siniestro, trabaj\u00f3 en el lugar personal de Gendarmer\u00eda Nacional y Bomberos Voluntarios de Campana, encontr\u00e1ndose la fuerza p\u00fablica la espera del instructor judicial dado el fat\u00eddico evento.<\/p>\n\n\n\n<p>Fuente: <a href=\"https:\/\/www.campananoticias.com\/noticia\/67955\/colisin-fatal-entre-un-camin-y-dos-camionetas-en-ruta-12\">Campana Noticias<\/a><\/p>\n","protected":false},"excerpt":{"rendered":"<p>El hecho ocurri\u00f3 a la altura del km 102. Lamentablemente, dos personas fallecieron producto del impacto. Gendarmer\u00eda y Bomberos trabajaron en el lugar. Un lamentable hecho ocurri\u00f3 en la jornada de hoy, aproximadamente a las 13 horas, luego de que un cami\u00f3n con destino a la Provincia de Misiones intentara cruzar de carril sobre la [&hellip;]<\/p>\n","protected":false},"author":4,"featured_media":94093,"comment_status":"open","ping_status":"closed","sticky":false,"template":"","format":"standard","meta":{"om_disable_all_campaigns":false,"_jetpack_memberships_contains_paid_content":false,"footnotes":""},"categories":[621],"tags":[],"class_list":["post-94092","post","type-post","status-publish","format-standard","has-post-thumbnail","hentry","category-regionales"],"aioseo_notices":[],"gutentor_comment":0,"jetpack_featured_media_url":"https:\/\/eldiariodesanpedro.com.ar\/sitio\/wp-content\/uploads\/2021\/06\/20210611043619.jpg","jetpack_shortlink":"https:\/\/wp.me\/p6RhLt-otC","jetpack_sharing_enabled":true,"_links":{"self":[{"href":"https:\/\/eldiariodesanpedro.com.ar\/sitio\/wp-json\/wp\/v2\/posts\/94092","targetHints":{"allow":["GET"]}}],"collection":[{"href":"https:\/\/eldiariodesanpedro.com.ar\/sitio\/wp-json\/wp\/v2\/posts"}],"about":[{"href":"https:\/\/eldiariodesanpedro.com.ar\/sitio\/wp-json\/wp\/v2\/types\/post"}],"author":[{"embeddable":true,"href":"https:\/\/eldiariodesanpedro.com.ar\/sitio\/wp-json\/wp\/v2\/users\/4"}],"replies":[{"embeddable":true,"href":"https:\/\/eldiariodesanpedro.com.ar\/sitio\/wp-json\/wp\/v2\/comments?post=94092"}],"version-history":[{"count":1,"href":"https:\/\/eldiariodesanpedro.com.ar\/sitio\/wp-json\/wp\/v2\/posts\/94092\/revisions"}],"predecessor-version":[{"id":94094,"href":"https:\/\/eldiariodesanpedro.com.ar\/sitio\/wp-json\/wp\/v2\/posts\/94092\/revisions\/94094"}],"wp:featuredmedia":[{"embeddable":true,"href":"https:\/\/eldiariodesanpedro.com.ar\/sitio\/wp-json\/wp\/v2\/media\/94093"}],"wp:attachment":[{"href":"https:\/\/eldiariodesanpedro.com.ar\/sitio\/wp-json\/wp\/v2\/media?parent=94092"}],"wp:term":[{"taxonomy":"category","embeddable":true,"href":"https:\/\/eldiariodesanpedro.com.ar\/sitio\/wp-json\/wp\/v2\/categories?post=94092"},{"taxonomy":"post_tag","embeddable":true,"href":"https:\/\/eldiariodesanpedro.com.ar\/sitio\/wp-json\/wp\/v2\/tags?post=94092"}],"curies":[{"name":"wp","href":"https:\/\/api.w.org\/{rel}","templated":true}]}}