{"id":94090,"date":"2021-06-12T11:17:15","date_gmt":"2021-06-12T14:17:15","guid":{"rendered":"https:\/\/eldiariodesanpedro.com.ar\/sitio\/?p=94090"},"modified":"2021-06-12T11:17:19","modified_gmt":"2021-06-12T14:17:19","slug":"en-las-ultimas-24-horas-fallecieron-tres-nuevas-personas","status":"publish","type":"post","link":"https:\/\/eldiariodesanpedro.com.ar\/sitio\/en-las-ultimas-24-horas-fallecieron-tres-nuevas-personas\/","title":{"rendered":"En las ultimas 24 horas fallecieron tres nuevas personas"},"content":{"rendered":"<!-- VideographyWP Plugin Message: Automatic video embedding prevented by plugin options. -->\n\n<p>Como hab\u00eda informado la Secretaria de Salud este viernes no se volvi\u00f3 a administrar los nombres de la personas fallecidas por pedidos de las propias familias.<\/p>\n\n\n\n<p><em><strong>Informamos adem\u00e1s los fallecimientos en las \u00faltimas 24 horas, de un hombre de 46 a\u00f1os y de dos mujeres de 40 y 64 a\u00f1os, internados con Covid-19 positivo. <\/strong><\/em> <strong><em>Los fallecidos en total hasta el d\u00eda de la fecha son 182.<\/em><\/strong><\/p>\n\n\n\n<p>Compartimos las condolencias con sus familiares y amigos.<\/p>\n","protected":false},"excerpt":{"rendered":"<p>Como hab\u00eda informado la Secretaria de Salud este viernes no se volvi\u00f3 a administrar los nombres de la personas fallecidas por pedidos de las propias familias. Informamos adem\u00e1s los fallecimientos en las \u00faltimas 24 horas, de un hombre de 46 a\u00f1os y de dos mujeres de 40 y 64 a\u00f1os, internados con Covid-19 positivo. Los [&hellip;]<\/p>\n","protected":false},"author":4,"featured_media":77464,"comment_status":"open","ping_status":"closed","sticky":false,"template":"","format":"standard","meta":{"om_disable_all_campaigns":false,"_jetpack_memberships_contains_paid_content":false,"footnotes":""},"categories":[50,101,2],"tags":[],"class_list":["post-94090","post","type-post","status-publish","format-standard","has-post-thumbnail","hentry","category-destacadas","category-interes-general-locales","category-locales"],"aioseo_notices":[],"gutentor_comment":0,"jetpack_featured_media_url":"https:\/\/eldiariodesanpedro.com.ar\/sitio\/wp-content\/uploads\/2020\/07\/5e87e1dede692.jpeg","jetpack_shortlink":"https:\/\/wp.me\/p6RhLt-otA","jetpack_sharing_enabled":true,"_links":{"self":[{"href":"https:\/\/eldiariodesanpedro.com.ar\/sitio\/wp-json\/wp\/v2\/posts\/94090","targetHints":{"allow":["GET"]}}],"collection":[{"href":"https:\/\/eldiariodesanpedro.com.ar\/sitio\/wp-json\/wp\/v2\/posts"}],"about":[{"href":"https:\/\/eldiariodesanpedro.com.ar\/sitio\/wp-json\/wp\/v2\/types\/post"}],"author":[{"embeddable":true,"href":"https:\/\/eldiariodesanpedro.com.ar\/sitio\/wp-json\/wp\/v2\/users\/4"}],"replies":[{"embeddable":true,"href":"https:\/\/eldiariodesanpedro.com.ar\/sitio\/wp-json\/wp\/v2\/comments?post=94090"}],"version-history":[{"count":1,"href":"https:\/\/eldiariodesanpedro.com.ar\/sitio\/wp-json\/wp\/v2\/posts\/94090\/revisions"}],"predecessor-version":[{"id":94091,"href":"https:\/\/eldiariodesanpedro.com.ar\/sitio\/wp-json\/wp\/v2\/posts\/94090\/revisions\/94091"}],"wp:featuredmedia":[{"embeddable":true,"href":"https:\/\/eldiariodesanpedro.com.ar\/sitio\/wp-json\/wp\/v2\/media\/77464"}],"wp:attachment":[{"href":"https:\/\/eldiariodesanpedro.com.ar\/sitio\/wp-json\/wp\/v2\/media?parent=94090"}],"wp:term":[{"taxonomy":"category","embeddable":true,"href":"https:\/\/eldiariodesanpedro.com.ar\/sitio\/wp-json\/wp\/v2\/categories?post=94090"},{"taxonomy":"post_tag","embeddable":true,"href":"https:\/\/eldiariodesanpedro.com.ar\/sitio\/wp-json\/wp\/v2\/tags?post=94090"}],"curies":[{"name":"wp","href":"https:\/\/api.w.org\/{rel}","templated":true}]}}