{"id":94084,"date":"2021-06-12T11:05:31","date_gmt":"2021-06-12T14:05:31","guid":{"rendered":"https:\/\/eldiariodesanpedro.com.ar\/sitio\/?p=94084"},"modified":"2021-06-12T11:05:35","modified_gmt":"2021-06-12T14:05:35","slug":"zarate-joven-camionero-se-durmio-y-volco-en-ruta-n-9","status":"publish","type":"post","link":"https:\/\/eldiariodesanpedro.com.ar\/sitio\/zarate-joven-camionero-se-durmio-y-volco-en-ruta-n-9\/","title":{"rendered":"Z\u00c1RATE | Joven camionero se durmi\u00f3 y volc\u00f3 en Ruta N\u00b0 9"},"content":{"rendered":"<!-- VideographyWP Plugin Message: Automatic video embedding prevented by plugin options. -->\n\n<p>Un joven camionero de 22 a\u00f1os oriundo de Chajar\u00ed (Entre R\u00edos) que transportaba c\u00e1scara de arroz volc\u00f3 esta noche en el km 86 de Ruta N\u00b0 9, en cercan\u00edas de barrio Los Ceibos de Z\u00e1rate.<\/p>\n\n\n\n<p>Al parecer se durmi\u00f3, perdi\u00f3 el control y qued\u00f3 herido dentro de la cabina. La ambulancia del SEMU lo traslad\u00f3 al hospital Virgen del Carmen por precauci\u00f3n.<\/p>\n\n\n\n<p>En el lugar Comando Patrulla, Bomberos Voluntarios de Z\u00e1rate, DPU y Corredor Panamericano.<\/p>\n\n\n\n<p>Fuente: <a href=\"https:\/\/www.enlacecritico.com\/destacados\/joven-camionero-se-durmio-y-volco-en-ruta-n-9\/\">Enlace Critico<\/a><\/p>\n","protected":false},"excerpt":{"rendered":"<p>Un joven camionero de 22 a\u00f1os oriundo de Chajar\u00ed (Entre R\u00edos) que transportaba c\u00e1scara de arroz volc\u00f3 esta noche en el km 86 de Ruta N\u00b0 9, en cercan\u00edas de barrio Los Ceibos de Z\u00e1rate. Al parecer se durmi\u00f3, perdi\u00f3 el control y qued\u00f3 herido dentro de la cabina. La ambulancia del SEMU lo traslad\u00f3 [&hellip;]<\/p>\n","protected":false},"author":4,"featured_media":94085,"comment_status":"open","ping_status":"closed","sticky":false,"template":"","format":"standard","meta":{"om_disable_all_campaigns":false,"_jetpack_memberships_contains_paid_content":false,"footnotes":""},"categories":[621],"tags":[],"class_list":["post-94084","post","type-post","status-publish","format-standard","has-post-thumbnail","hentry","category-regionales"],"aioseo_notices":[],"gutentor_comment":0,"jetpack_featured_media_url":"https:\/\/eldiariodesanpedro.com.ar\/sitio\/wp-content\/uploads\/2021\/06\/IMG_20210611_220809.jpg","jetpack_shortlink":"https:\/\/wp.me\/p6RhLt-otu","jetpack_sharing_enabled":true,"_links":{"self":[{"href":"https:\/\/eldiariodesanpedro.com.ar\/sitio\/wp-json\/wp\/v2\/posts\/94084","targetHints":{"allow":["GET"]}}],"collection":[{"href":"https:\/\/eldiariodesanpedro.com.ar\/sitio\/wp-json\/wp\/v2\/posts"}],"about":[{"href":"https:\/\/eldiariodesanpedro.com.ar\/sitio\/wp-json\/wp\/v2\/types\/post"}],"author":[{"embeddable":true,"href":"https:\/\/eldiariodesanpedro.com.ar\/sitio\/wp-json\/wp\/v2\/users\/4"}],"replies":[{"embeddable":true,"href":"https:\/\/eldiariodesanpedro.com.ar\/sitio\/wp-json\/wp\/v2\/comments?post=94084"}],"version-history":[{"count":1,"href":"https:\/\/eldiariodesanpedro.com.ar\/sitio\/wp-json\/wp\/v2\/posts\/94084\/revisions"}],"predecessor-version":[{"id":94086,"href":"https:\/\/eldiariodesanpedro.com.ar\/sitio\/wp-json\/wp\/v2\/posts\/94084\/revisions\/94086"}],"wp:featuredmedia":[{"embeddable":true,"href":"https:\/\/eldiariodesanpedro.com.ar\/sitio\/wp-json\/wp\/v2\/media\/94085"}],"wp:attachment":[{"href":"https:\/\/eldiariodesanpedro.com.ar\/sitio\/wp-json\/wp\/v2\/media?parent=94084"}],"wp:term":[{"taxonomy":"category","embeddable":true,"href":"https:\/\/eldiariodesanpedro.com.ar\/sitio\/wp-json\/wp\/v2\/categories?post=94084"},{"taxonomy":"post_tag","embeddable":true,"href":"https:\/\/eldiariodesanpedro.com.ar\/sitio\/wp-json\/wp\/v2\/tags?post=94084"}],"curies":[{"name":"wp","href":"https:\/\/api.w.org\/{rel}","templated":true}]}}