{"id":94078,"date":"2021-06-12T10:55:08","date_gmt":"2021-06-12T13:55:08","guid":{"rendered":"https:\/\/eldiariodesanpedro.com.ar\/sitio\/?p=94078"},"modified":"2021-06-12T10:55:12","modified_gmt":"2021-06-12T13:55:12","slug":"este-ano-la-quema-del-demonio-sera-virtual","status":"publish","type":"post","link":"https:\/\/eldiariodesanpedro.com.ar\/sitio\/este-ano-la-quema-del-demonio-sera-virtual\/","title":{"rendered":"Este a\u00f1o la \u00abQuema del Demonio\u00bb ser\u00e1 virtual"},"content":{"rendered":"<!-- VideographyWP Plugin Message: Automatic video embedding prevented by plugin options. -->\n\n<p>Desde la Agrupaci\u00f3n Mallorca de nuestra ciudad se comunico que este a\u00f1o se realizara la tradicional quema del demonio a trav\u00e9s de Zoom para quienes quieran presenciar la misma y adem\u00e1s invitan a que puedas realizar tu demonio.<\/p>\n\n\n\n<p><em>Te invitamos a que participes de esta especial celebraci\u00f3n con tu propio \u201cDEMONIO\u201d, confeccionado en formato dibujo o mu\u00f1eco con los materiales que m\u00e1s te gusten. Adem\u00e1s de presentarlo virtualmente en el evento del d\u00eda 23, te pedimos que te tomes una fotograf\u00eda con \u00e9l y nos la compartas junto a tu nombre, ciudad y deseo de lo malo que quieras \u00abquemar\u00bb, antes de esa fecha, v\u00eda WhatsApp al 3329 640063, para que podamos difundirla en nuestras redes sociales.<\/em><\/p>\n\n\n\n<p>La fecha ser\u00e1 el pr\u00f3ximo mi\u00e9rcoles en el horario de 19 hs.<\/p>\n\n\n\n<p>DATOS DE CONEXI\u00d3N ZOOM<br><a rel=\"noreferrer noopener\" href=\"https:\/\/us04web.zoom.us\/j\/4969900446?pwd=dldpTUtFKzZsNGxRd3FGOEpBK2hxdz09\" target=\"_blank\">https:\/\/us04web.zoom.us\/j\/4969900446?pwd=dldpTUtFKzZsNGxRd3FGOEpBK2hxdz09<\/a><br>ID de reuni\u00f3n: 496 990 0446<br>C\u00f3digo de acceso: SANPEDRO<\/p>\n","protected":false},"excerpt":{"rendered":"<p>Desde la Agrupaci\u00f3n Mallorca de nuestra ciudad se comunico que este a\u00f1o se realizara la tradicional quema del demonio a trav\u00e9s de Zoom para quienes quieran presenciar la misma y adem\u00e1s invitan a que puedas realizar tu demonio. Te invitamos a que participes de esta especial celebraci\u00f3n con tu propio \u201cDEMONIO\u201d, confeccionado en formato dibujo [&hellip;]<\/p>\n","protected":false},"author":4,"featured_media":94079,"comment_status":"open","ping_status":"closed","sticky":false,"template":"","format":"standard","meta":{"om_disable_all_campaigns":false,"_jetpack_memberships_contains_paid_content":false,"footnotes":""},"categories":[101,2],"tags":[],"class_list":["post-94078","post","type-post","status-publish","format-standard","has-post-thumbnail","hentry","category-interes-general-locales","category-locales"],"aioseo_notices":[],"gutentor_comment":0,"jetpack_featured_media_url":"https:\/\/eldiariodesanpedro.com.ar\/sitio\/wp-content\/uploads\/2021\/06\/FLYER-QUEMA-DEL-DEMONIO.jpg","jetpack_shortlink":"https:\/\/wp.me\/p6RhLt-oto","jetpack_sharing_enabled":true,"_links":{"self":[{"href":"https:\/\/eldiariodesanpedro.com.ar\/sitio\/wp-json\/wp\/v2\/posts\/94078","targetHints":{"allow":["GET"]}}],"collection":[{"href":"https:\/\/eldiariodesanpedro.com.ar\/sitio\/wp-json\/wp\/v2\/posts"}],"about":[{"href":"https:\/\/eldiariodesanpedro.com.ar\/sitio\/wp-json\/wp\/v2\/types\/post"}],"author":[{"embeddable":true,"href":"https:\/\/eldiariodesanpedro.com.ar\/sitio\/wp-json\/wp\/v2\/users\/4"}],"replies":[{"embeddable":true,"href":"https:\/\/eldiariodesanpedro.com.ar\/sitio\/wp-json\/wp\/v2\/comments?post=94078"}],"version-history":[{"count":1,"href":"https:\/\/eldiariodesanpedro.com.ar\/sitio\/wp-json\/wp\/v2\/posts\/94078\/revisions"}],"predecessor-version":[{"id":94080,"href":"https:\/\/eldiariodesanpedro.com.ar\/sitio\/wp-json\/wp\/v2\/posts\/94078\/revisions\/94080"}],"wp:featuredmedia":[{"embeddable":true,"href":"https:\/\/eldiariodesanpedro.com.ar\/sitio\/wp-json\/wp\/v2\/media\/94079"}],"wp:attachment":[{"href":"https:\/\/eldiariodesanpedro.com.ar\/sitio\/wp-json\/wp\/v2\/media?parent=94078"}],"wp:term":[{"taxonomy":"category","embeddable":true,"href":"https:\/\/eldiariodesanpedro.com.ar\/sitio\/wp-json\/wp\/v2\/categories?post=94078"},{"taxonomy":"post_tag","embeddable":true,"href":"https:\/\/eldiariodesanpedro.com.ar\/sitio\/wp-json\/wp\/v2\/tags?post=94078"}],"curies":[{"name":"wp","href":"https:\/\/api.w.org\/{rel}","templated":true}]}}