{"id":94075,"date":"2021-06-12T10:47:07","date_gmt":"2021-06-12T13:47:07","guid":{"rendered":"https:\/\/eldiariodesanpedro.com.ar\/sitio\/?p=94075"},"modified":"2021-06-12T10:47:11","modified_gmt":"2021-06-12T13:47:11","slug":"leonardo-macelli-el-chofer-del-intendente-debera-cumplir-condena-por-encubrimiento","status":"publish","type":"post","link":"https:\/\/eldiariodesanpedro.com.ar\/sitio\/leonardo-macelli-el-chofer-del-intendente-debera-cumplir-condena-por-encubrimiento\/","title":{"rendered":"Leonardo Macelli el chofer del intendente  deber\u00e1 cumplir condena por encubrimiento"},"content":{"rendered":"<!-- VideographyWP Plugin Message: Automatic video embedding prevented by plugin options. -->\n\n<p>El Dr. Hugo Lima, abogado defensor del ex chofer municipal, confirm\u00f3 que la justicia lo absolvi\u00f3 por el robo al cami\u00f3n, pero s\u00ed lo conden\u00f3 por participar de la log\u00edstica desplegada con respecto a la mercader\u00eda sustra\u00edda. Adem\u00e1s afronta otra causa por malversaci\u00f3n de caudales p\u00fablicos.<\/p>\n\n\n\n<p>Mediante el sistema de juicio abreviado el ex chofer municipal Leonardo Macelli, de 45 a\u00f1os, fue absuelto en la causa adonde aparec\u00eda vinculado al presunto robo de un cami\u00f3n cargado con productos de la firma Unilever en la Ruta 9. De todos modos el juez que defini\u00f3 la situaci\u00f3n del sampedrino s\u00ed lo conden\u00f3 por ser parte de la log\u00edstica que utiliz\u00f3 la banda de piratas del asfalto por lo que deber\u00e1 completar una pena de 2 a\u00f1os y 7 meses de prisi\u00f3n efectiva por ser responsable del delito de encubrimiento doblemente agravado.<\/p>\n\n\n\n<p>El Dr. Hugo Lima destac\u00f3 que a trav\u00e9s de lo expuesto durante la instrucci\u00f3n que llev\u00f3 adelante el fiscal Hern\u00e1n Granda lograron que el juez interviniente tome la decisi\u00f3n ya conocida y no acepte el acuerdo original que hab\u00edan rubricado las partes que era una condena de 5 a\u00f1os de prisi\u00f3n para Macelli.<\/p>\n\n\n\n<p>El robo al cami\u00f3n Scania blanco se produjo el 4 de junio de 2019 en proximidades del kil\u00f3metro 140 de la Ruta 9 cuando fue interceptado por un auto VW Gol blanco. El chofer fue privado de su libertad y m\u00e1s tarde abandonado en inmediaciones de las Ruta 9 y 6, mientras que el cami\u00f3n apareci\u00f3 abandonado en el kil\u00f3metro 196 de la Ruta 9. Pero a la vez, el rastreo del sistema satelital que ten\u00eda el veh\u00edculo marc\u00f3 que el rodado hab\u00eda detenido su marcha en un domicilio de la ciudad de Baradero.<\/p>\n\n\n\n<p>Es por eso que cuatro d\u00edas despu\u00e9s se allan\u00f3 un galp\u00f3n de la calle Roca y Ruta 41 de la vecina ciudad donde un grupo de personas se encontraban descargando la mercader\u00eda robada, entre ellos Macelli, que hab\u00eda llegado a bordo del auto Toyota Corolla blanco, propiedad de la Municipalidad de San Pedro. &nbsp;&nbsp;<\/p>\n\n\n\n<p>A la vez, la justicia tom\u00f3 la misma decisi\u00f3n con Leonardo Leguizamo, oriundo de Baradero, familiar de Macelli y tambi\u00e9n defendido por el estudio Lima; lo mismo que Wily Palomino y Diego Alberto Gimenez, quienes fueron condenados por encubrimiento doblemente agravado.<\/p>\n\n\n\n<p>S\u00ed fueron condenados a la pena de 5 a\u00f1os Rafael Campuzano que fue encontrado responsable del robo al cami\u00f3n, lo mismo que su hermano Atilio Campusano quien permanec\u00eda pr\u00f3fugo pero se inform\u00f3 que hace pocos meses falleci\u00f3 de coronavirus.<\/p>\n\n\n\n<p>En el caso de Leonardo Macelli, aguarda otra causa que ya fue elevada a juicio y es la que fue caratulada como malversaci\u00f3n de caudales p\u00fablicos por utilizar el auto oficial perteneciente a la municipalidad de San Pedro el d\u00eda en que fue detenido en la ciudad de Baradero.<\/p>\n\n\n\n<p>M\u00e1s all\u00e1 de la condena, Macelli no deber\u00e1 regresar a la Unidad Penal ya que lleva dos a\u00f1os detenido, una etapa con prisi\u00f3n domiciliaria, y por tal motivo deber\u00e1 completar la pena en su casa.<\/p>\n\n\n\n<p>Fuente: <a href=\"https:\/\/www.sanpedroinforma.com.ar\/nota\/124242\/interes-general\/absolvieron-a-leonardo-macelli-pero-debera-cumplir-condena-por-encubrimiento.html\">San Pedro Informa<\/a><\/p>\n","protected":false},"excerpt":{"rendered":"<p>El Dr. Hugo Lima, abogado defensor del ex chofer municipal, confirm\u00f3 que la justicia lo absolvi\u00f3 por el robo al cami\u00f3n, pero s\u00ed lo conden\u00f3 por participar de la log\u00edstica desplegada con respecto a la mercader\u00eda sustra\u00edda. Adem\u00e1s afronta otra causa por malversaci\u00f3n de caudales p\u00fablicos. Mediante el sistema de juicio abreviado el ex chofer [&hellip;]<\/p>\n","protected":false},"author":4,"featured_media":94076,"comment_status":"open","ping_status":"closed","sticky":false,"template":"","format":"standard","meta":{"om_disable_all_campaigns":false,"_jetpack_memberships_contains_paid_content":false,"footnotes":""},"categories":[50,101,2],"tags":[],"class_list":["post-94075","post","type-post","status-publish","format-standard","has-post-thumbnail","hentry","category-destacadas","category-interes-general-locales","category-locales"],"aioseo_notices":[],"gutentor_comment":0,"jetpack_featured_media_url":"https:\/\/eldiariodesanpedro.com.ar\/sitio\/wp-content\/uploads\/2021\/06\/000081356.jpeg","jetpack_shortlink":"https:\/\/wp.me\/p6RhLt-otl","jetpack_sharing_enabled":true,"_links":{"self":[{"href":"https:\/\/eldiariodesanpedro.com.ar\/sitio\/wp-json\/wp\/v2\/posts\/94075","targetHints":{"allow":["GET"]}}],"collection":[{"href":"https:\/\/eldiariodesanpedro.com.ar\/sitio\/wp-json\/wp\/v2\/posts"}],"about":[{"href":"https:\/\/eldiariodesanpedro.com.ar\/sitio\/wp-json\/wp\/v2\/types\/post"}],"author":[{"embeddable":true,"href":"https:\/\/eldiariodesanpedro.com.ar\/sitio\/wp-json\/wp\/v2\/users\/4"}],"replies":[{"embeddable":true,"href":"https:\/\/eldiariodesanpedro.com.ar\/sitio\/wp-json\/wp\/v2\/comments?post=94075"}],"version-history":[{"count":1,"href":"https:\/\/eldiariodesanpedro.com.ar\/sitio\/wp-json\/wp\/v2\/posts\/94075\/revisions"}],"predecessor-version":[{"id":94077,"href":"https:\/\/eldiariodesanpedro.com.ar\/sitio\/wp-json\/wp\/v2\/posts\/94075\/revisions\/94077"}],"wp:featuredmedia":[{"embeddable":true,"href":"https:\/\/eldiariodesanpedro.com.ar\/sitio\/wp-json\/wp\/v2\/media\/94076"}],"wp:attachment":[{"href":"https:\/\/eldiariodesanpedro.com.ar\/sitio\/wp-json\/wp\/v2\/media?parent=94075"}],"wp:term":[{"taxonomy":"category","embeddable":true,"href":"https:\/\/eldiariodesanpedro.com.ar\/sitio\/wp-json\/wp\/v2\/categories?post=94075"},{"taxonomy":"post_tag","embeddable":true,"href":"https:\/\/eldiariodesanpedro.com.ar\/sitio\/wp-json\/wp\/v2\/tags?post=94075"}],"curies":[{"name":"wp","href":"https:\/\/api.w.org\/{rel}","templated":true}]}}