{"id":94067,"date":"2021-06-11T20:57:24","date_gmt":"2021-06-11T23:57:24","guid":{"rendered":"https:\/\/eldiariodesanpedro.com.ar\/sitio\/?p=94067"},"modified":"2021-06-12T00:19:18","modified_gmt":"2021-06-12T03:19:18","slug":"la-secretaria-de-turismo-marcela-cuner-junto-a-la-periodista-nadia-quiroga-promocionaron-la-ciudad","status":"publish","type":"post","link":"https:\/\/eldiariodesanpedro.com.ar\/sitio\/la-secretaria-de-turismo-marcela-cuner-junto-a-la-periodista-nadia-quiroga-promocionaron-la-ciudad\/","title":{"rendered":"La Secretar\u00eda de Turismo Marcela Cu\u00f1er junto a la periodista Nadia Quiroga promocionaron la ciudad"},"content":{"rendered":"<!-- VideographyWP Plugin Message: Automatic video embedding prevented by plugin options. -->\n\n<p>En la jornada de hoy en horas de la tarde la Secretar\u00eda de Turismo Marcela Cu\u00f1er junto a la periodista Nadia Quiroga de Visi\u00f3n Regional estuvieron promocionando a la ciudad en el canal nacional CN23 donde mostraron los atractivos de la ciudad.<\/p>\n\n\n\n<p>Alrededor de las 18 hs salieron al aire por una trasmisi\u00f3n en vivo con el atardecer de la ciudad y ambas promocionaron la ciudad para los turistas a trav\u00e9s del medio nacional donde contaron todos los atractivos que tenemos para ofrecer a los turistas con im\u00e1genes de la zona costanera.<\/p>\n\n\n\n<p>Recordemos que el turismo es uno de los principales ingresos econ\u00f3micos de la ciudad y un gran generador de puestos laborales de nuestra ciudad.<\/p>\n","protected":false},"excerpt":{"rendered":"<p>En la jornada de hoy en horas de la tarde la Secretar\u00eda de Turismo Marcela Cu\u00f1er junto a la periodista Nadia Quiroga de Visi\u00f3n Regional estuvieron promocionando a la ciudad en el canal nacional CN23 donde mostraron los atractivos de la ciudad. Alrededor de las 18 hs salieron al aire por una trasmisi\u00f3n en vivo [&hellip;]<\/p>\n","protected":false},"author":4,"featured_media":94069,"comment_status":"open","ping_status":"closed","sticky":false,"template":"","format":"standard","meta":{"om_disable_all_campaigns":false,"_jetpack_memberships_contains_paid_content":false,"footnotes":""},"categories":[101,2],"tags":[],"class_list":["post-94067","post","type-post","status-publish","format-standard","has-post-thumbnail","hentry","category-interes-general-locales","category-locales"],"aioseo_notices":[],"gutentor_comment":0,"jetpack_featured_media_url":"https:\/\/eldiariodesanpedro.com.ar\/sitio\/wp-content\/uploads\/2021\/06\/2021-06-11-e1623455807204.png","jetpack_shortlink":"https:\/\/wp.me\/p6RhLt-otd","jetpack_sharing_enabled":true,"_links":{"self":[{"href":"https:\/\/eldiariodesanpedro.com.ar\/sitio\/wp-json\/wp\/v2\/posts\/94067","targetHints":{"allow":["GET"]}}],"collection":[{"href":"https:\/\/eldiariodesanpedro.com.ar\/sitio\/wp-json\/wp\/v2\/posts"}],"about":[{"href":"https:\/\/eldiariodesanpedro.com.ar\/sitio\/wp-json\/wp\/v2\/types\/post"}],"author":[{"embeddable":true,"href":"https:\/\/eldiariodesanpedro.com.ar\/sitio\/wp-json\/wp\/v2\/users\/4"}],"replies":[{"embeddable":true,"href":"https:\/\/eldiariodesanpedro.com.ar\/sitio\/wp-json\/wp\/v2\/comments?post=94067"}],"version-history":[{"count":2,"href":"https:\/\/eldiariodesanpedro.com.ar\/sitio\/wp-json\/wp\/v2\/posts\/94067\/revisions"}],"predecessor-version":[{"id":94071,"href":"https:\/\/eldiariodesanpedro.com.ar\/sitio\/wp-json\/wp\/v2\/posts\/94067\/revisions\/94071"}],"wp:featuredmedia":[{"embeddable":true,"href":"https:\/\/eldiariodesanpedro.com.ar\/sitio\/wp-json\/wp\/v2\/media\/94069"}],"wp:attachment":[{"href":"https:\/\/eldiariodesanpedro.com.ar\/sitio\/wp-json\/wp\/v2\/media?parent=94067"}],"wp:term":[{"taxonomy":"category","embeddable":true,"href":"https:\/\/eldiariodesanpedro.com.ar\/sitio\/wp-json\/wp\/v2\/categories?post=94067"},{"taxonomy":"post_tag","embeddable":true,"href":"https:\/\/eldiariodesanpedro.com.ar\/sitio\/wp-json\/wp\/v2\/tags?post=94067"}],"curies":[{"name":"wp","href":"https:\/\/api.w.org\/{rel}","templated":true}]}}