{"id":94063,"date":"2021-06-11T18:27:17","date_gmt":"2021-06-11T21:27:17","guid":{"rendered":"https:\/\/eldiariodesanpedro.com.ar\/sitio\/?p=94063"},"modified":"2021-06-11T18:27:23","modified_gmt":"2021-06-11T21:27:23","slug":"la-municipalidad-oficializo-que-san-pedro-sigue-con-las-normativas-de-fase-2","status":"publish","type":"post","link":"https:\/\/eldiariodesanpedro.com.ar\/sitio\/la-municipalidad-oficializo-que-san-pedro-sigue-con-las-normativas-de-fase-2\/","title":{"rendered":"La municipalidad oficializo que San Pedro sigue con las normativas de FASE 2"},"content":{"rendered":"<!-- VideographyWP Plugin Message: Automatic video embedding prevented by plugin options. -->\n\n<p>La Municipalidad de San Pedro informa que a partir de ma\u00f1ana s\u00e1bado 11 de junio, contin\u00faan vigentes las condiciones que establec\u00eda para nuestro distrito la Fase 2, dentro de la escala que determina el Gobierno de la Provincia de Buenos Aires y no habr\u00e1 restricciones especiales como las de los fines de semana anteriores.<\/p>\n\n\n\n<p>Ante el anuncio realizado por el Presidente de la Naci\u00f3n, que extiende hasta el 25 del corriente el Decreto de Necesidad y Urgencia 287, los comercios podr\u00e1n estar abiertos entre las 6 y las 19hs, restringiendo al m\u00ednimo indispensable el ingreso de clientes a los locales y favoreciendo la atenci\u00f3n en puerta.<\/p>\n\n\n\n<p>Los comercios de venta de alimentos podr\u00e1n continuar con su horario hasta las 19:45.<\/p>\n\n\n\n<p>Los bares y restaurantes pueden ofrecer sus servicios al aire libre, hasta las 19 y luego con env\u00edos por delivery hasta las 23.<\/p>\n\n\n\n<p>Est\u00e1n prohibidas las reuniones en espacios p\u00fablicos o privados y la circulaci\u00f3n entre las 20 y las 6 s\u00f3lo est\u00e1 permitida para personal esencial con datos actualizados en la aplicaci\u00f3n CUIDAR.<\/p>\n\n\n\n<p>Se autoriza en esta fase, la pr\u00e1ctica recreativa de deportes individuales o grupales sin contacto al aire libre, as\u00ed como en gimnasios al aire libre y natatorios en la misma condici\u00f3n.<\/p>\n\n\n\n<p>Esta situaci\u00f3n puede modificarse ante un cambio en la determinaci\u00f3n de fases que realice el gobierno provincial que actualiza estos indicadores peri\u00f3dicamente.<\/p>\n\n\n\n<p>Con relaci\u00f3n al anuncio realizado por el Gobernador de la Provincia de Buenos Aires sobre la aplicaci\u00f3n de primeras dosis SIN TURNO para mayores de 60 a\u00f1os, se informar\u00e1 oportunamente desde el Vacunatorio local, la fecha en la que estar\u00e1n disponibles en San Pedro.<\/p>\n\n\n\n<p>Municipalidad de San Pedro<\/p>\n","protected":false},"excerpt":{"rendered":"<p>La Municipalidad de San Pedro informa que a partir de ma\u00f1ana s\u00e1bado 11 de junio, contin\u00faan vigentes las condiciones que establec\u00eda para nuestro distrito la Fase 2, dentro de la escala que determina el Gobierno de la Provincia de Buenos Aires y no habr\u00e1 restricciones especiales como las de los fines de semana anteriores. Ante [&hellip;]<\/p>\n","protected":false},"author":4,"featured_media":93027,"comment_status":"open","ping_status":"closed","sticky":false,"template":"","format":"standard","meta":{"om_disable_all_campaigns":false,"_jetpack_memberships_contains_paid_content":false,"footnotes":""},"categories":[50,101,2],"tags":[],"class_list":["post-94063","post","type-post","status-publish","format-standard","has-post-thumbnail","hentry","category-destacadas","category-interes-general-locales","category-locales"],"aioseo_notices":[],"gutentor_comment":0,"jetpack_featured_media_url":"https:\/\/eldiariodesanpedro.com.ar\/sitio\/wp-content\/uploads\/2021\/05\/000091563.jpg","jetpack_shortlink":"https:\/\/wp.me\/p6RhLt-ot9","jetpack_sharing_enabled":true,"_links":{"self":[{"href":"https:\/\/eldiariodesanpedro.com.ar\/sitio\/wp-json\/wp\/v2\/posts\/94063","targetHints":{"allow":["GET"]}}],"collection":[{"href":"https:\/\/eldiariodesanpedro.com.ar\/sitio\/wp-json\/wp\/v2\/posts"}],"about":[{"href":"https:\/\/eldiariodesanpedro.com.ar\/sitio\/wp-json\/wp\/v2\/types\/post"}],"author":[{"embeddable":true,"href":"https:\/\/eldiariodesanpedro.com.ar\/sitio\/wp-json\/wp\/v2\/users\/4"}],"replies":[{"embeddable":true,"href":"https:\/\/eldiariodesanpedro.com.ar\/sitio\/wp-json\/wp\/v2\/comments?post=94063"}],"version-history":[{"count":1,"href":"https:\/\/eldiariodesanpedro.com.ar\/sitio\/wp-json\/wp\/v2\/posts\/94063\/revisions"}],"predecessor-version":[{"id":94064,"href":"https:\/\/eldiariodesanpedro.com.ar\/sitio\/wp-json\/wp\/v2\/posts\/94063\/revisions\/94064"}],"wp:featuredmedia":[{"embeddable":true,"href":"https:\/\/eldiariodesanpedro.com.ar\/sitio\/wp-json\/wp\/v2\/media\/93027"}],"wp:attachment":[{"href":"https:\/\/eldiariodesanpedro.com.ar\/sitio\/wp-json\/wp\/v2\/media?parent=94063"}],"wp:term":[{"taxonomy":"category","embeddable":true,"href":"https:\/\/eldiariodesanpedro.com.ar\/sitio\/wp-json\/wp\/v2\/categories?post=94063"},{"taxonomy":"post_tag","embeddable":true,"href":"https:\/\/eldiariodesanpedro.com.ar\/sitio\/wp-json\/wp\/v2\/tags?post=94063"}],"curies":[{"name":"wp","href":"https:\/\/api.w.org\/{rel}","templated":true}]}}