{"id":94060,"date":"2021-06-11T17:58:21","date_gmt":"2021-06-11T20:58:21","guid":{"rendered":"https:\/\/eldiariodesanpedro.com.ar\/sitio\/?p=94060"},"modified":"2021-06-11T17:58:26","modified_gmt":"2021-06-11T20:58:26","slug":"se-extiende-el-dnu-hasta-el-25-de-junio-con-las-restricciones-actuales","status":"publish","type":"post","link":"https:\/\/eldiariodesanpedro.com.ar\/sitio\/se-extiende-el-dnu-hasta-el-25-de-junio-con-las-restricciones-actuales\/","title":{"rendered":"Se extiende el DNU hasta el 25 de Junio con las restricciones actuales"},"content":{"rendered":"<!-- VideographyWP Plugin Message: Automatic video embedding prevented by plugin options. -->\n\n<p>El presidente<strong>\u00a0Alberto Fern\u00e1ndez<\/strong>\u00a0anunci\u00f3 que\u00a0<strong>extender\u00e1 el DNU vigente con las\u00a0restricciones\u00a0para frenar la pandemia de coronavirus<\/strong>\u00a0en el pa\u00eds hasta el pr\u00f3ximo 25 de junio, aunque no brind\u00f3 detalles respecto a posibles modificaciones.<\/p>\n\n\n\n<p>Seg\u00fan explic\u00f3 durante su discurso en el Centro Argentino de Protonterapia, en el Instituto Oncol\u00f3gico Roffo,\u00a0<strong>la intenci\u00f3n original era discutir las restricciones en el Congreso y evitar imponerlas nuevamente por decreto<\/strong>. \u00abEstamos llegando a un punto donde esperaba que una ley resolviera, pero debemos esperar una semana m\u00e1s\u00bb, dijo el Presidente.<\/p>\n\n\n\n<p><strong>\u00abEspero que la semana que viene puede ser tratada y nos pongamos de acuerdo en como tenemos que actuar frente al riesgo. Mientras tanto, seguiremos prorrogando la decisi\u00f3n que ya tomamos\u00bb<\/strong>, agreg\u00f3. El nuevo decreto ser\u00e1 difundido esta tarde.<\/p>\n\n\n\n<p>De esa forma,&nbsp;<strong>se mantendr\u00e1 el \u00absem\u00e1foro epidemiol\u00f3gico\u00bb que a trav\u00e9s de una f\u00f3rmula de raz\u00f3n, incidencia y ocupaci\u00f3n de camas de terapia intensiva<\/strong>&nbsp;determina en qu\u00e9 situaci\u00f3n epidemiol\u00f3gica se encuentra cada departamento. Cabe recordar que, a ra\u00edz de la segunda ola, el Gobierno decidi\u00f3 que no sean las Provincias sino los departamentos o jurisdicciones las que deban imponer las restricciones.<\/p>\n\n\n\n<p>\u00abEn el contexto de la pandemia y esta segunda ola, seguimos avanzando con la campa\u00f1a de vacunaci\u00f3n\u00bb, se\u00f1al\u00f3 la Ministra de Salud,&nbsp;<strong>Carla Vizzotti<\/strong>, quien tambi\u00e9n indic\u00f3 que se firm\u00f3 un contrato con Sinopharm para el env\u00edo de 2 millones de dosis m\u00e1s. Adem\u00e1s,&nbsp;<strong>llam\u00f3 a reforzar los cuidados y minimizar los riesgos de contagio<\/strong>.<\/p>\n\n\n\n<p><strong>En la Provincia de Buenos Aires, continuar\u00e1 el sistema de fases<\/strong>. Hoy por la tarde, el gobernador bonaerense&nbsp;<strong>Axel Kicillof<\/strong>&nbsp;brindar\u00e1 una conferencia de prensa en la que detallar\u00e1 la continuidad de las restricciones y las medidas de cuidado frente al coronavirus.<\/p>\n\n\n\n<p>Tal como anticip\u00f3\u00a0<strong>INFOCIELO<\/strong>,<strong>\u00a0se espera que contin\u00fae el formato de \u00abcuarentena intermitente\u00bb, pero podr\u00eda haber novedades respecto a la\u00a0fase\u00a0en la que se encuentran los municipios del \u00c1rea Metropolitana de Buenos Aires (AMBA).<\/strong><\/p>\n\n\n\n<p>La expectativa est\u00e1 puesta sobre las clases presenciales. En ese sentido, desde Casa de Gobierno se\u00f1alaron a este medio que los municipios en fase 3 y fase 4 -hasta hoy son 21- se encuentran fuera del alerta epidemiol\u00f3gico y tienen clases de manera presencial.<\/p>\n","protected":false},"excerpt":{"rendered":"<p>El presidente\u00a0Alberto Fern\u00e1ndez\u00a0anunci\u00f3 que\u00a0extender\u00e1 el DNU vigente con las\u00a0restricciones\u00a0para frenar la pandemia de coronavirus\u00a0en el pa\u00eds hasta el pr\u00f3ximo 25 de junio, aunque no brind\u00f3 detalles respecto a posibles modificaciones. Seg\u00fan explic\u00f3 durante su discurso en el Centro Argentino de Protonterapia, en el Instituto Oncol\u00f3gico Roffo,\u00a0la intenci\u00f3n original era discutir las restricciones en el Congreso [&hellip;]<\/p>\n","protected":false},"author":4,"featured_media":94061,"comment_status":"open","ping_status":"closed","sticky":false,"template":"","format":"standard","meta":{"om_disable_all_campaigns":false,"_jetpack_memberships_contains_paid_content":false,"footnotes":""},"categories":[621],"tags":[],"class_list":["post-94060","post","type-post","status-publish","format-standard","has-post-thumbnail","hentry","category-regionales"],"aioseo_notices":[],"gutentor_comment":0,"jetpack_featured_media_url":"https:\/\/eldiariodesanpedro.com.ar\/sitio\/wp-content\/uploads\/2021\/06\/el-presidente-alberto-fernandez-indico-como-seguira-la-cuarentena-el-pais.jpg","jetpack_shortlink":"https:\/\/wp.me\/p6RhLt-ot6","jetpack_sharing_enabled":true,"_links":{"self":[{"href":"https:\/\/eldiariodesanpedro.com.ar\/sitio\/wp-json\/wp\/v2\/posts\/94060","targetHints":{"allow":["GET"]}}],"collection":[{"href":"https:\/\/eldiariodesanpedro.com.ar\/sitio\/wp-json\/wp\/v2\/posts"}],"about":[{"href":"https:\/\/eldiariodesanpedro.com.ar\/sitio\/wp-json\/wp\/v2\/types\/post"}],"author":[{"embeddable":true,"href":"https:\/\/eldiariodesanpedro.com.ar\/sitio\/wp-json\/wp\/v2\/users\/4"}],"replies":[{"embeddable":true,"href":"https:\/\/eldiariodesanpedro.com.ar\/sitio\/wp-json\/wp\/v2\/comments?post=94060"}],"version-history":[{"count":1,"href":"https:\/\/eldiariodesanpedro.com.ar\/sitio\/wp-json\/wp\/v2\/posts\/94060\/revisions"}],"predecessor-version":[{"id":94062,"href":"https:\/\/eldiariodesanpedro.com.ar\/sitio\/wp-json\/wp\/v2\/posts\/94060\/revisions\/94062"}],"wp:featuredmedia":[{"embeddable":true,"href":"https:\/\/eldiariodesanpedro.com.ar\/sitio\/wp-json\/wp\/v2\/media\/94061"}],"wp:attachment":[{"href":"https:\/\/eldiariodesanpedro.com.ar\/sitio\/wp-json\/wp\/v2\/media?parent=94060"}],"wp:term":[{"taxonomy":"category","embeddable":true,"href":"https:\/\/eldiariodesanpedro.com.ar\/sitio\/wp-json\/wp\/v2\/categories?post=94060"},{"taxonomy":"post_tag","embeddable":true,"href":"https:\/\/eldiariodesanpedro.com.ar\/sitio\/wp-json\/wp\/v2\/tags?post=94060"}],"curies":[{"name":"wp","href":"https:\/\/api.w.org\/{rel}","templated":true}]}}