{"id":94057,"date":"2021-06-11T17:52:09","date_gmt":"2021-06-11T20:52:09","guid":{"rendered":"https:\/\/eldiariodesanpedro.com.ar\/sitio\/?p=94057"},"modified":"2021-06-11T17:52:14","modified_gmt":"2021-06-11T20:52:14","slug":"vacunas-mayores-de-60-anos-podran-ir-a-vacunarse-sin-turno","status":"publish","type":"post","link":"https:\/\/eldiariodesanpedro.com.ar\/sitio\/vacunas-mayores-de-60-anos-podran-ir-a-vacunarse-sin-turno\/","title":{"rendered":"Vacunas: Mayores de 60 a\u00f1os podr\u00e1n ir a vacunarse sin turno"},"content":{"rendered":"<!-- VideographyWP Plugin Message: Automatic video embedding prevented by plugin options. -->\n\n<p>El gobernador hizo el anuncio hoy en conferencia de prensa y a partir de ahora todos los mayores de 60 a\u00f1os podr\u00e1n vacunarse sin haber solicitado un turno.<\/p>\n\n\n\n<p>Luego de que habilitasen la posibilidad para\u00a0<strong>mayores<\/strong>\u00a0de 70, el gobernado\u00a0<strong>Axel Kicillof<\/strong>\u00a0anunci\u00f3 hoy en conferencia de prensa la ampliaci\u00f3n del grupo etario que podr\u00e1 concurrir a los m\u00e1s de 500 vacunatorios de la\u00a0<strong>Provincia\u00a0sin\u00a0turno<\/strong>.<\/p>\n\n\n\n<p>A partir de ahora,\u00a0<strong>todo aquel que tenga 60 a\u00f1os o m\u00e1s y no haya sido inmunizado contra el coronavirus, podr\u00e1 vacunarse solo con la presentaci\u00f3n de su documento nacional de identidad en todo el territorio bonaerense.<\/strong><\/p>\n\n\n\n<p>Tras la extensi\u00f3n del decreto de necesidad de urgencia que establece las medidas de cuidado contra el coronavirus, la Provincia acelera el plan de vacunaci\u00f3n que ya lleva m\u00e1s de 4.8 millones de bonaerenses vacunados, y simplifica el proceso de inmunizaci\u00f3n para todos los mayores de 60.<\/p>\n\n\n\n<p>La decisi\u00f3n parte cuando el grupo etario contemplado se encuentra con porcentajes de vacunaci\u00f3n por encima del 90%, y busca que aquellos que a\u00fan no haya podido hacerlo, debido a una falta de notificaci\u00f3n o cualquier otro tipo de problema, puedan concurrir con solo mostrar su dni.<\/p>\n\n\n\n<p>Asimismo,&nbsp;<strong>el gobernador aclar\u00f3 que la posibilidad se encuentra establecida solo para la aplicaci\u00f3n de la primer dosis de las vacunas contra el conronavirus<\/strong>; mientras que para la segunda, por ahora las personas deber\u00e1n aguardar su correspondiente turno.<\/p>\n\n\n\n<p>Adem\u00e1s, Kicillof celebr\u00f3 que la ANMAT haya aprobado la vacuna elaborada por el laboratorio Cansino, de la cual la Provincia ya tiene compradas cinco millones, y que se sumar\u00e1n al amplio volumen de dosis que se vienen adquiriendo en las \u00faltimas semanas.<\/p>\n\n\n\n<p>De acuerdo a lo estipulado por el ministro de Salud,&nbsp;<strong>Daniel Goll\u00e1n<\/strong>, la Provincia se encuentra pr\u00f3xima a cumplir la meta de vacunaci\u00f3n sobre el total de los grupos de riesgo, y para agosto esperan que la campa\u00f1a de vacunaci\u00f3n provincial permita una vuelta a la normalidad con cuidados.<\/p>\n","protected":false},"excerpt":{"rendered":"<p>El gobernador hizo el anuncio hoy en conferencia de prensa y a partir de ahora todos los mayores de 60 a\u00f1os podr\u00e1n vacunarse sin haber solicitado un turno. Luego de que habilitasen la posibilidad para\u00a0mayores\u00a0de 70, el gobernado\u00a0Axel Kicillof\u00a0anunci\u00f3 hoy en conferencia de prensa la ampliaci\u00f3n del grupo etario que podr\u00e1 concurrir a los m\u00e1s [&hellip;]<\/p>\n","protected":false},"author":4,"featured_media":94058,"comment_status":"open","ping_status":"closed","sticky":false,"template":"","format":"standard","meta":{"om_disable_all_campaigns":false,"_jetpack_memberships_contains_paid_content":false,"footnotes":""},"categories":[50,101,2],"tags":[],"class_list":["post-94057","post","type-post","status-publish","format-standard","has-post-thumbnail","hentry","category-destacadas","category-interes-general-locales","category-locales"],"aioseo_notices":[],"gutentor_comment":0,"jetpack_featured_media_url":"https:\/\/eldiariodesanpedro.com.ar\/sitio\/wp-content\/uploads\/2021\/06\/vacunas-mayores-60-anos-podran-ir-vacunarse-turno.jpg","jetpack_shortlink":"https:\/\/wp.me\/p6RhLt-ot3","jetpack_sharing_enabled":true,"_links":{"self":[{"href":"https:\/\/eldiariodesanpedro.com.ar\/sitio\/wp-json\/wp\/v2\/posts\/94057","targetHints":{"allow":["GET"]}}],"collection":[{"href":"https:\/\/eldiariodesanpedro.com.ar\/sitio\/wp-json\/wp\/v2\/posts"}],"about":[{"href":"https:\/\/eldiariodesanpedro.com.ar\/sitio\/wp-json\/wp\/v2\/types\/post"}],"author":[{"embeddable":true,"href":"https:\/\/eldiariodesanpedro.com.ar\/sitio\/wp-json\/wp\/v2\/users\/4"}],"replies":[{"embeddable":true,"href":"https:\/\/eldiariodesanpedro.com.ar\/sitio\/wp-json\/wp\/v2\/comments?post=94057"}],"version-history":[{"count":1,"href":"https:\/\/eldiariodesanpedro.com.ar\/sitio\/wp-json\/wp\/v2\/posts\/94057\/revisions"}],"predecessor-version":[{"id":94059,"href":"https:\/\/eldiariodesanpedro.com.ar\/sitio\/wp-json\/wp\/v2\/posts\/94057\/revisions\/94059"}],"wp:featuredmedia":[{"embeddable":true,"href":"https:\/\/eldiariodesanpedro.com.ar\/sitio\/wp-json\/wp\/v2\/media\/94058"}],"wp:attachment":[{"href":"https:\/\/eldiariodesanpedro.com.ar\/sitio\/wp-json\/wp\/v2\/media?parent=94057"}],"wp:term":[{"taxonomy":"category","embeddable":true,"href":"https:\/\/eldiariodesanpedro.com.ar\/sitio\/wp-json\/wp\/v2\/categories?post=94057"},{"taxonomy":"post_tag","embeddable":true,"href":"https:\/\/eldiariodesanpedro.com.ar\/sitio\/wp-json\/wp\/v2\/tags?post=94057"}],"curies":[{"name":"wp","href":"https:\/\/api.w.org\/{rel}","templated":true}]}}