{"id":94049,"date":"2021-06-11T11:33:28","date_gmt":"2021-06-11T14:33:28","guid":{"rendered":"https:\/\/eldiariodesanpedro.com.ar\/sitio\/?p=94049"},"modified":"2021-06-11T11:33:32","modified_gmt":"2021-06-11T14:33:32","slug":"asamblea-general-ordinaria-sociedad-cooperadora-hospital-sub-zonal-san-pedro","status":"publish","type":"post","link":"https:\/\/eldiariodesanpedro.com.ar\/sitio\/asamblea-general-ordinaria-sociedad-cooperadora-hospital-sub-zonal-san-pedro\/","title":{"rendered":"Asamblea General Ordinaria Sociedad Cooperadora Hospital Sub Zonal San Pedro"},"content":{"rendered":"<!-- VideographyWP Plugin Message: Automatic video embedding prevented by plugin options. -->\n\n<p>Por resoluci\u00f3n de la comisi\u00f3n directiva se convoca a los se\u00f1ores asociados a la Asamblea General ordinaria para el d\u00eda 08\/07\/2021 a las 20:00 hs en primera convocatoria y a las 22:00 hs en segunda, a trav\u00e9s de la plataforma remota Meet,&nbsp;<\/p>\n\n\n\n<p>(<a href=\"https:\/\/meet.google.com\/yaq-rwin-rgk\" target=\"_blank\" rel=\"noreferrer noopener\">https:\/\/meet.google.com\/yaq-rwin-rgk<\/a>)&nbsp;&nbsp;en virtud de restricciones a causa de la pandemia Covid-19 para considerar lo siguiente.&nbsp;<\/p>\n\n\n\n<p><strong><u>ORDEN DEL D\u00cdA\u00a0<\/u><\/strong><br><strong>1.-<\/strong>\u00a0Consideraci\u00f3n de la Memoria, Balance, Inventario, Cuenta de Gastos y Recursos del ejercicio comprendido entre el 01\/01\/2019\u00a0\u00a0al 31\/12\/2019.\u00a0<br><strong>\u00a02-<\/strong>\u00a0Consideraci\u00f3n de la Memoria, Balance, Inventario, Cuenta de Gastos y Recursos del ejercicio comprendido entre el\u00a0\u00a001\/01\/2020 al 31\/12\/2020.\u00a0<br><strong>3.-\u00a0<\/strong>Renovaci\u00f3n total de Comisi\u00f3n Directiva por dos a\u00f1os\u00a0<br><strong>4-<\/strong>\u00a0Cuota Societaria\u00a0<br><strong>5.-<\/strong>\u00a0Designaci\u00f3n de dos asamble\u00edstas para firmar el acta conjuntamente con Presidente Y Secretario.\u00a0<br><strong>6.-<\/strong>\u00a0Designaci\u00f3n de tres miembros para conformar la junta escrutadora de la Asamblea.\u00a0<br><strong>7-<\/strong>\u00a0Designaci\u00f3n de dos asamble\u00edstas para firmar el acta conjuntamente con Presidente Y Secretario.\u00a0<\/p>\n\n\n\n<p>Mirta Borell &#8211; Presidente\u00a0Sociedad Cooperadora Hospital Sub Zonal\u00a0San Pedro\u00a0<\/p>\n","protected":false},"excerpt":{"rendered":"<p>Por resoluci\u00f3n de la comisi\u00f3n directiva se convoca a los se\u00f1ores asociados a la Asamblea General ordinaria para el d\u00eda 08\/07\/2021 a las 20:00 hs en primera convocatoria y a las 22:00 hs en segunda, a trav\u00e9s de la plataforma remota Meet,&nbsp; (https:\/\/meet.google.com\/yaq-rwin-rgk)&nbsp;&nbsp;en virtud de restricciones a causa de la pandemia Covid-19 para considerar lo [&hellip;]<\/p>\n","protected":false},"author":4,"featured_media":94050,"comment_status":"open","ping_status":"closed","sticky":false,"template":"","format":"standard","meta":{"om_disable_all_campaigns":false,"_jetpack_memberships_contains_paid_content":false,"footnotes":""},"categories":[678,676],"tags":[],"class_list":["post-94049","post","type-post","status-publish","format-standard","has-post-thumbnail","hentry","category-convocatorias","category-edictos"],"aioseo_notices":[],"gutentor_comment":0,"jetpack_featured_media_url":"https:\/\/eldiariodesanpedro.com.ar\/sitio\/wp-content\/uploads\/2021\/06\/Cooperadora-Hospital-San-Pedro-2021-convocatoria.jpg","jetpack_shortlink":"https:\/\/wp.me\/p6RhLt-osV","jetpack_sharing_enabled":true,"_links":{"self":[{"href":"https:\/\/eldiariodesanpedro.com.ar\/sitio\/wp-json\/wp\/v2\/posts\/94049","targetHints":{"allow":["GET"]}}],"collection":[{"href":"https:\/\/eldiariodesanpedro.com.ar\/sitio\/wp-json\/wp\/v2\/posts"}],"about":[{"href":"https:\/\/eldiariodesanpedro.com.ar\/sitio\/wp-json\/wp\/v2\/types\/post"}],"author":[{"embeddable":true,"href":"https:\/\/eldiariodesanpedro.com.ar\/sitio\/wp-json\/wp\/v2\/users\/4"}],"replies":[{"embeddable":true,"href":"https:\/\/eldiariodesanpedro.com.ar\/sitio\/wp-json\/wp\/v2\/comments?post=94049"}],"version-history":[{"count":1,"href":"https:\/\/eldiariodesanpedro.com.ar\/sitio\/wp-json\/wp\/v2\/posts\/94049\/revisions"}],"predecessor-version":[{"id":94051,"href":"https:\/\/eldiariodesanpedro.com.ar\/sitio\/wp-json\/wp\/v2\/posts\/94049\/revisions\/94051"}],"wp:featuredmedia":[{"embeddable":true,"href":"https:\/\/eldiariodesanpedro.com.ar\/sitio\/wp-json\/wp\/v2\/media\/94050"}],"wp:attachment":[{"href":"https:\/\/eldiariodesanpedro.com.ar\/sitio\/wp-json\/wp\/v2\/media?parent=94049"}],"wp:term":[{"taxonomy":"category","embeddable":true,"href":"https:\/\/eldiariodesanpedro.com.ar\/sitio\/wp-json\/wp\/v2\/categories?post=94049"},{"taxonomy":"post_tag","embeddable":true,"href":"https:\/\/eldiariodesanpedro.com.ar\/sitio\/wp-json\/wp\/v2\/tags?post=94049"}],"curies":[{"name":"wp","href":"https:\/\/api.w.org\/{rel}","templated":true}]}}