{"id":94045,"date":"2021-06-11T10:53:20","date_gmt":"2021-06-11T13:53:20","guid":{"rendered":"https:\/\/eldiariodesanpedro.com.ar\/sitio\/?p=94045"},"modified":"2021-06-11T10:53:25","modified_gmt":"2021-06-11T13:53:25","slug":"colecta-anual-de-caritas-este-fin-de-semana","status":"publish","type":"post","link":"https:\/\/eldiariodesanpedro.com.ar\/sitio\/colecta-anual-de-caritas-este-fin-de-semana\/","title":{"rendered":"Colecta anual de caritas este fin de semana"},"content":{"rendered":"<!-- VideographyWP Plugin Message: Automatic video embedding prevented by plugin options. -->\n\n<p>Este fin de semana se realiza en todo el pa\u00eds la colecta anual de caritas y en nuestra ciudad tambi\u00e9n se realizara. <\/p>\n\n\n\n<p>Seg\u00fan informaron desde la Parroquia Nuestra Se\u00f1ora del Socorro este s\u00e1bado 12 y domingo 13 de junio se realizara la tradicional colecta anual y se informo a trav\u00e9s de redes sociales que las personas que quieran pueden acercar a retirar un sobre a la Secretaria Parroquial o realizar una transferencia bancaria a la cuenta de caritas CBU CARITAS: 0110483140048310666026 &#8211; CUIT: 30642477133 &#8211; NUMERO DE CUENTA: 4831066602<\/p>\n\n\n\n<p>Cualquier consulta se pueden comunicar con la Secretaria parroquial al 03329426311 <\/p>\n\n\n\n<figure class=\"wp-block-image size-large\"><img decoding=\"async\" width=\"1024\" height=\"1024\" data-attachment-id=\"94047\" data-permalink=\"https:\/\/eldiariodesanpedro.com.ar\/sitio\/colecta-anual-de-caritas-este-fin-de-semana\/199805479_1701496220040202_4306438029970976285_n\/\" data-orig-file=\"https:\/\/eldiariodesanpedro.com.ar\/sitio\/wp-content\/uploads\/2021\/06\/199805479_1701496220040202_4306438029970976285_n.jpg\" data-orig-size=\"1440,1440\" data-comments-opened=\"1\" data-image-meta=\"{&quot;aperture&quot;:&quot;0&quot;,&quot;credit&quot;:&quot;&quot;,&quot;camera&quot;:&quot;&quot;,&quot;caption&quot;:&quot;&quot;,&quot;created_timestamp&quot;:&quot;0&quot;,&quot;copyright&quot;:&quot;&quot;,&quot;focal_length&quot;:&quot;0&quot;,&quot;iso&quot;:&quot;0&quot;,&quot;shutter_speed&quot;:&quot;0&quot;,&quot;title&quot;:&quot;&quot;,&quot;orientation&quot;:&quot;0&quot;}\" data-image-title=\"199805479_1701496220040202_4306438029970976285_n\" data-image-description=\"\" data-image-caption=\"\" data-large-file=\"https:\/\/eldiariodesanpedro.com.ar\/sitio\/wp-content\/uploads\/2021\/06\/199805479_1701496220040202_4306438029970976285_n-1024x1024.jpg\" data-src=\"https:\/\/eldiariodesanpedro.com.ar\/sitio\/wp-content\/uploads\/2021\/06\/199805479_1701496220040202_4306438029970976285_n-1024x1024.jpg\" alt=\"\" class=\"wp-image-94047 lazyload\" data-srcset=\"https:\/\/eldiariodesanpedro.com.ar\/sitio\/wp-content\/uploads\/2021\/06\/199805479_1701496220040202_4306438029970976285_n-1024x1024.jpg 1024w, https:\/\/eldiariodesanpedro.com.ar\/sitio\/wp-content\/uploads\/2021\/06\/199805479_1701496220040202_4306438029970976285_n-300x300.jpg 300w, https:\/\/eldiariodesanpedro.com.ar\/sitio\/wp-content\/uploads\/2021\/06\/199805479_1701496220040202_4306438029970976285_n-150x150.jpg 150w, https:\/\/eldiariodesanpedro.com.ar\/sitio\/wp-content\/uploads\/2021\/06\/199805479_1701496220040202_4306438029970976285_n-768x768.jpg 768w, https:\/\/eldiariodesanpedro.com.ar\/sitio\/wp-content\/uploads\/2021\/06\/199805479_1701496220040202_4306438029970976285_n.jpg 1440w\" data-sizes=\"(max-width: 1024px) 100vw, 1024px\" src=\"data:image\/svg+xml;base64,PHN2ZyB3aWR0aD0iMSIgaGVpZ2h0PSIxIiB4bWxucz0iaHR0cDovL3d3dy53My5vcmcvMjAwMC9zdmciPjwvc3ZnPg==\" style=\"--smush-placeholder-width: 1024px; --smush-placeholder-aspect-ratio: 1024\/1024;\" \/><\/figure>\n","protected":false},"excerpt":{"rendered":"<p>Este fin de semana se realiza en todo el pa\u00eds la colecta anual de caritas y en nuestra ciudad tambi\u00e9n se realizara. Seg\u00fan informaron desde la Parroquia Nuestra Se\u00f1ora del Socorro este s\u00e1bado 12 y domingo 13 de junio se realizara la tradicional colecta anual y se informo a trav\u00e9s de redes sociales que las [&hellip;]<\/p>\n","protected":false},"author":4,"featured_media":94046,"comment_status":"open","ping_status":"closed","sticky":false,"template":"","format":"standard","meta":{"om_disable_all_campaigns":false,"_jetpack_memberships_contains_paid_content":false,"footnotes":""},"categories":[101,2],"tags":[],"class_list":["post-94045","post","type-post","status-publish","format-standard","has-post-thumbnail","hentry","category-interes-general-locales","category-locales"],"aioseo_notices":[],"gutentor_comment":0,"jetpack_featured_media_url":"https:\/\/eldiariodesanpedro.com.ar\/sitio\/wp-content\/uploads\/2021\/06\/Sin-titulo-2.jpg","jetpack_shortlink":"https:\/\/wp.me\/p6RhLt-osR","jetpack_sharing_enabled":true,"_links":{"self":[{"href":"https:\/\/eldiariodesanpedro.com.ar\/sitio\/wp-json\/wp\/v2\/posts\/94045","targetHints":{"allow":["GET"]}}],"collection":[{"href":"https:\/\/eldiariodesanpedro.com.ar\/sitio\/wp-json\/wp\/v2\/posts"}],"about":[{"href":"https:\/\/eldiariodesanpedro.com.ar\/sitio\/wp-json\/wp\/v2\/types\/post"}],"author":[{"embeddable":true,"href":"https:\/\/eldiariodesanpedro.com.ar\/sitio\/wp-json\/wp\/v2\/users\/4"}],"replies":[{"embeddable":true,"href":"https:\/\/eldiariodesanpedro.com.ar\/sitio\/wp-json\/wp\/v2\/comments?post=94045"}],"version-history":[{"count":1,"href":"https:\/\/eldiariodesanpedro.com.ar\/sitio\/wp-json\/wp\/v2\/posts\/94045\/revisions"}],"predecessor-version":[{"id":94048,"href":"https:\/\/eldiariodesanpedro.com.ar\/sitio\/wp-json\/wp\/v2\/posts\/94045\/revisions\/94048"}],"wp:featuredmedia":[{"embeddable":true,"href":"https:\/\/eldiariodesanpedro.com.ar\/sitio\/wp-json\/wp\/v2\/media\/94046"}],"wp:attachment":[{"href":"https:\/\/eldiariodesanpedro.com.ar\/sitio\/wp-json\/wp\/v2\/media?parent=94045"}],"wp:term":[{"taxonomy":"category","embeddable":true,"href":"https:\/\/eldiariodesanpedro.com.ar\/sitio\/wp-json\/wp\/v2\/categories?post=94045"},{"taxonomy":"post_tag","embeddable":true,"href":"https:\/\/eldiariodesanpedro.com.ar\/sitio\/wp-json\/wp\/v2\/tags?post=94045"}],"curies":[{"name":"wp","href":"https:\/\/api.w.org\/{rel}","templated":true}]}}