{"id":93861,"date":"2021-06-08T18:28:37","date_gmt":"2021-06-08T21:28:37","guid":{"rendered":"https:\/\/eldiariodesanpedro.com.ar\/sitio\/?p=93861"},"modified":"2021-06-08T18:28:42","modified_gmt":"2021-06-08T21:28:42","slug":"reunion-con-la-comision-de-fomento-de-vuelta-de-obligado","status":"publish","type":"post","link":"https:\/\/eldiariodesanpedro.com.ar\/sitio\/reunion-con-la-comision-de-fomento-de-vuelta-de-obligado\/","title":{"rendered":"Reuni\u00f3n con la Comisi\u00f3n de Fomento de Vuelta de Obligado"},"content":{"rendered":"<!-- VideographyWP Plugin Message: Automatic video embedding prevented by plugin options. -->\n\n<p>Desde la Direcci\u00f3n de Comisiones de Fomento se siguen organizando constantemente reuniones de vecinos en barrios de San Pedro y en las localidades, para reactivar los grupos que constituyen estas unidades de trabajo, propuestas y seguimiento de inquietudes.<\/p>\n\n\n\n<p>Respetando las condiciones sanitarias que impone la Pandemia, al aire libre y con un reducido grupo de concurrentes, la semana pasada se organiz\u00f3 una charla en Vuelta de Obligado, con la participaci\u00f3n del titular del \u00e1rea Adri\u00e1n Devito, la Secretaria de Turismo Marcela Cu\u00f1er y el Subdelegado de la localidad Hugo Borda.<\/p>\n\n\n\n<p>La incidencia que ha tenido en esa regi\u00f3n la apertura de la playa durante la \u00faltima temporada y las oportunidades que ofrece el turismo en el Sitio Hist\u00f3rico generan condiciones muy positivas para poder trabajar acciones compartidas, m\u00e1s all\u00e1 de las contingencias sanitarias de estos meses.<\/p>\n\n\n\n<p>El objetivo es que a trav\u00e9s de la Comisi\u00f3n de Fomento, en un trabajo coordinado con la subdelegaci\u00f3n y con las Areas Municipales se puedan ir gestionando arreglos y mejoras para la localidad y una atenci\u00f3n especial de todas sus necesidades.<\/p>\n\n\n\n<figure class=\"wp-block-image size-large\"><img decoding=\"async\" width=\"1024\" height=\"682\" data-attachment-id=\"93864\" data-permalink=\"https:\/\/eldiariodesanpedro.com.ar\/sitio\/reunion-con-la-comision-de-fomento-de-vuelta-de-obligado\/whatsapp-image-2021-06-08-at-18-09-00\/\" data-orig-file=\"https:\/\/eldiariodesanpedro.com.ar\/sitio\/wp-content\/uploads\/2021\/06\/WhatsApp-Image-2021-06-08-at-18.09.00.jpeg\" data-orig-size=\"1280,853\" data-comments-opened=\"1\" data-image-meta=\"{&quot;aperture&quot;:&quot;0&quot;,&quot;credit&quot;:&quot;&quot;,&quot;camera&quot;:&quot;&quot;,&quot;caption&quot;:&quot;&quot;,&quot;created_timestamp&quot;:&quot;0&quot;,&quot;copyright&quot;:&quot;&quot;,&quot;focal_length&quot;:&quot;0&quot;,&quot;iso&quot;:&quot;0&quot;,&quot;shutter_speed&quot;:&quot;0&quot;,&quot;title&quot;:&quot;&quot;,&quot;orientation&quot;:&quot;0&quot;}\" data-image-title=\"WhatsApp Image 2021-06-08 at 18.09.00\" data-image-description=\"\" data-image-caption=\"\" data-large-file=\"https:\/\/eldiariodesanpedro.com.ar\/sitio\/wp-content\/uploads\/2021\/06\/WhatsApp-Image-2021-06-08-at-18.09.00-1024x682.jpeg\" data-src=\"https:\/\/eldiariodesanpedro.com.ar\/sitio\/wp-content\/uploads\/2021\/06\/WhatsApp-Image-2021-06-08-at-18.09.00-1024x682.jpeg\" alt=\"\" class=\"wp-image-93864 lazyload\" data-srcset=\"https:\/\/eldiariodesanpedro.com.ar\/sitio\/wp-content\/uploads\/2021\/06\/WhatsApp-Image-2021-06-08-at-18.09.00-1024x682.jpeg 1024w, https:\/\/eldiariodesanpedro.com.ar\/sitio\/wp-content\/uploads\/2021\/06\/WhatsApp-Image-2021-06-08-at-18.09.00-300x200.jpeg 300w, https:\/\/eldiariodesanpedro.com.ar\/sitio\/wp-content\/uploads\/2021\/06\/WhatsApp-Image-2021-06-08-at-18.09.00-768x512.jpeg 768w, https:\/\/eldiariodesanpedro.com.ar\/sitio\/wp-content\/uploads\/2021\/06\/WhatsApp-Image-2021-06-08-at-18.09.00.jpeg 1280w\" data-sizes=\"(max-width: 1024px) 100vw, 1024px\" src=\"data:image\/svg+xml;base64,PHN2ZyB3aWR0aD0iMSIgaGVpZ2h0PSIxIiB4bWxucz0iaHR0cDovL3d3dy53My5vcmcvMjAwMC9zdmciPjwvc3ZnPg==\" style=\"--smush-placeholder-width: 1024px; --smush-placeholder-aspect-ratio: 1024\/682;\" \/><\/figure>\n\n\n\n<figure class=\"wp-block-image size-large\"><img decoding=\"async\" width=\"1024\" height=\"682\" data-attachment-id=\"93863\" data-permalink=\"https:\/\/eldiariodesanpedro.com.ar\/sitio\/reunion-con-la-comision-de-fomento-de-vuelta-de-obligado\/whatsapp-image-2021-06-08-at-18-08-53\/\" data-orig-file=\"https:\/\/eldiariodesanpedro.com.ar\/sitio\/wp-content\/uploads\/2021\/06\/WhatsApp-Image-2021-06-08-at-18.08.53.jpeg\" data-orig-size=\"1280,853\" data-comments-opened=\"1\" data-image-meta=\"{&quot;aperture&quot;:&quot;0&quot;,&quot;credit&quot;:&quot;&quot;,&quot;camera&quot;:&quot;&quot;,&quot;caption&quot;:&quot;&quot;,&quot;created_timestamp&quot;:&quot;0&quot;,&quot;copyright&quot;:&quot;&quot;,&quot;focal_length&quot;:&quot;0&quot;,&quot;iso&quot;:&quot;0&quot;,&quot;shutter_speed&quot;:&quot;0&quot;,&quot;title&quot;:&quot;&quot;,&quot;orientation&quot;:&quot;0&quot;}\" data-image-title=\"WhatsApp Image 2021-06-08 at 18.08.53\" data-image-description=\"\" data-image-caption=\"\" data-large-file=\"https:\/\/eldiariodesanpedro.com.ar\/sitio\/wp-content\/uploads\/2021\/06\/WhatsApp-Image-2021-06-08-at-18.08.53-1024x682.jpeg\" data-src=\"https:\/\/eldiariodesanpedro.com.ar\/sitio\/wp-content\/uploads\/2021\/06\/WhatsApp-Image-2021-06-08-at-18.08.53-1024x682.jpeg\" alt=\"\" class=\"wp-image-93863 lazyload\" data-srcset=\"https:\/\/eldiariodesanpedro.com.ar\/sitio\/wp-content\/uploads\/2021\/06\/WhatsApp-Image-2021-06-08-at-18.08.53-1024x682.jpeg 1024w, https:\/\/eldiariodesanpedro.com.ar\/sitio\/wp-content\/uploads\/2021\/06\/WhatsApp-Image-2021-06-08-at-18.08.53-300x200.jpeg 300w, https:\/\/eldiariodesanpedro.com.ar\/sitio\/wp-content\/uploads\/2021\/06\/WhatsApp-Image-2021-06-08-at-18.08.53-768x512.jpeg 768w, https:\/\/eldiariodesanpedro.com.ar\/sitio\/wp-content\/uploads\/2021\/06\/WhatsApp-Image-2021-06-08-at-18.08.53.jpeg 1280w\" data-sizes=\"(max-width: 1024px) 100vw, 1024px\" src=\"data:image\/svg+xml;base64,PHN2ZyB3aWR0aD0iMSIgaGVpZ2h0PSIxIiB4bWxucz0iaHR0cDovL3d3dy53My5vcmcvMjAwMC9zdmciPjwvc3ZnPg==\" style=\"--smush-placeholder-width: 1024px; --smush-placeholder-aspect-ratio: 1024\/682;\" \/><\/figure>\n","protected":false},"excerpt":{"rendered":"<p>Desde la Direcci\u00f3n de Comisiones de Fomento se siguen organizando constantemente reuniones de vecinos en barrios de San Pedro y en las localidades, para reactivar los grupos que constituyen estas unidades de trabajo, propuestas y seguimiento de inquietudes. Respetando las condiciones sanitarias que impone la Pandemia, al aire libre y con un reducido grupo de [&hellip;]<\/p>\n","protected":false},"author":4,"featured_media":93862,"comment_status":"open","ping_status":"closed","sticky":false,"template":"","format":"standard","meta":{"om_disable_all_campaigns":false,"_jetpack_memberships_contains_paid_content":false,"footnotes":""},"categories":[101,2],"tags":[],"class_list":["post-93861","post","type-post","status-publish","format-standard","has-post-thumbnail","hentry","category-interes-general-locales","category-locales"],"aioseo_notices":[],"gutentor_comment":0,"jetpack_featured_media_url":"https:\/\/eldiariodesanpedro.com.ar\/sitio\/wp-content\/uploads\/2021\/06\/WhatsApp-Image-2021-06-08-at-18.08.51.jpeg","jetpack_shortlink":"https:\/\/wp.me\/p6RhLt-opT","jetpack_sharing_enabled":true,"_links":{"self":[{"href":"https:\/\/eldiariodesanpedro.com.ar\/sitio\/wp-json\/wp\/v2\/posts\/93861","targetHints":{"allow":["GET"]}}],"collection":[{"href":"https:\/\/eldiariodesanpedro.com.ar\/sitio\/wp-json\/wp\/v2\/posts"}],"about":[{"href":"https:\/\/eldiariodesanpedro.com.ar\/sitio\/wp-json\/wp\/v2\/types\/post"}],"author":[{"embeddable":true,"href":"https:\/\/eldiariodesanpedro.com.ar\/sitio\/wp-json\/wp\/v2\/users\/4"}],"replies":[{"embeddable":true,"href":"https:\/\/eldiariodesanpedro.com.ar\/sitio\/wp-json\/wp\/v2\/comments?post=93861"}],"version-history":[{"count":1,"href":"https:\/\/eldiariodesanpedro.com.ar\/sitio\/wp-json\/wp\/v2\/posts\/93861\/revisions"}],"predecessor-version":[{"id":93865,"href":"https:\/\/eldiariodesanpedro.com.ar\/sitio\/wp-json\/wp\/v2\/posts\/93861\/revisions\/93865"}],"wp:featuredmedia":[{"embeddable":true,"href":"https:\/\/eldiariodesanpedro.com.ar\/sitio\/wp-json\/wp\/v2\/media\/93862"}],"wp:attachment":[{"href":"https:\/\/eldiariodesanpedro.com.ar\/sitio\/wp-json\/wp\/v2\/media?parent=93861"}],"wp:term":[{"taxonomy":"category","embeddable":true,"href":"https:\/\/eldiariodesanpedro.com.ar\/sitio\/wp-json\/wp\/v2\/categories?post=93861"},{"taxonomy":"post_tag","embeddable":true,"href":"https:\/\/eldiariodesanpedro.com.ar\/sitio\/wp-json\/wp\/v2\/tags?post=93861"}],"curies":[{"name":"wp","href":"https:\/\/api.w.org\/{rel}","templated":true}]}}