{"id":93832,"date":"2021-06-07T18:02:21","date_gmt":"2021-06-07T21:02:21","guid":{"rendered":"https:\/\/eldiariodesanpedro.com.ar\/sitio\/?p=93832"},"modified":"2021-06-07T18:02:26","modified_gmt":"2021-06-07T21:02:26","slug":"covid-los-activos-bajan-a-237-se-recibieron-2-positivos-y-4-negativos-se-envian-39-muestras","status":"publish","type":"post","link":"https:\/\/eldiariodesanpedro.com.ar\/sitio\/covid-los-activos-bajan-a-237-se-recibieron-2-positivos-y-4-negativos-se-envian-39-muestras\/","title":{"rendered":"Covid: Los activos bajan a 237, se recibieron 2 positivos y 4 negativos, se env\u00edan 39 muestras"},"content":{"rendered":"<!-- VideographyWP Plugin Message: Automatic video embedding prevented by plugin options. -->\n\n<p>La Secretar\u00eda de Salud de la Municipalidad de San Pedro brinda el informe que acompa\u00f1a la placa del d\u00eda de la fecha, en el seguimiento de la Pandemia de Covid-19.<\/p>\n\n\n\n<p>Desde el Laboratorio del Hospital, confirmaron e informaron 2 testeos r\u00e1pidos positivos en una mujer de 68 a\u00f1os y un hombre de 39 a\u00f1os. Adem\u00e1s 4 testeos r\u00e1pidos con resultado negativo.<\/p>\n\n\n\n<ul class=\"wp-block-list\"><li>Se incorporan a la estad\u00edstica oficial 69 altas.<\/li><li>Se enviaron 39 nuevas muestras, que se encuentran pendientes. Cuando se reciban los resultados ser\u00e1n comunicados.<\/li><li>Se informaron los fallecimientos del Sr. Antonio Eduardo Lozada de 70 a\u00f1os, el Sr. Juan Alberto Garc\u00eda de 63 a\u00f1os, el Sr. H\u00e9ctor Vonutti de 70 a\u00f1os, el Sr. Rub\u00e9n Orlando Romero de 77 a\u00f1os, la Sra. Lidia Garc\u00eda de 73 a\u00f1os, el Sr. Hugo Roberto Mastroianni de 68 a\u00f1os y el Sr. Mariano Reyloba de 48 a\u00f1os, internados con COVID 19 positivo.<\/li><\/ul>\n\n\n\n<p>Resumen actualizado de informaci\u00f3n oficial<br>Positivos desde el inicio de la Pandemia: 4485<br>Activos: 237<br>Recuperados: 4075<br>Fallecidos: 173<br>Negativos desde el inicio de la Pandemia: 6314<\/p>\n\n\n\n<p>Los datos consignados en este informe corresponden a casos analizados a trav\u00e9s hisopados realizados en los \u00abconsultorios amarillos\u00bb analizados por el Laboratorio Central Lab y testeos r\u00e1pidos efectuados en el Laboratorio del Hospital.<\/p>\n\n\n\n<p>&#x1f449; Usar tapabocas.<br>&#x1f449; Mantener la distancia m\u00ednima de 2 metros.<br>&#x1f449; Extremar la higiene de los espacios.<br>&#x1f449; Mantener las manos limpias.<\/p>\n\n\n\n<p>Se recuerda que, ante s\u00edntomas de tos seca, fiebre y dolor de garganta se puede llamar al 148 o 107<\/p>\n\n\n\n<figure class=\"wp-block-image size-large\"><img decoding=\"async\" width=\"1024\" height=\"992\" data-attachment-id=\"93833\" data-permalink=\"https:\/\/eldiariodesanpedro.com.ar\/sitio\/covid-los-activos-bajan-a-237-se-recibieron-2-positivos-y-4-negativos-se-envian-39-muestras\/whatsapp-image-2021-06-07-at-17-17-28\/\" data-orig-file=\"https:\/\/eldiariodesanpedro.com.ar\/sitio\/wp-content\/uploads\/2021\/06\/WhatsApp-Image-2021-06-07-at-17.17.28.jpeg\" data-orig-size=\"1280,1240\" data-comments-opened=\"1\" data-image-meta=\"{&quot;aperture&quot;:&quot;0&quot;,&quot;credit&quot;:&quot;&quot;,&quot;camera&quot;:&quot;&quot;,&quot;caption&quot;:&quot;&quot;,&quot;created_timestamp&quot;:&quot;0&quot;,&quot;copyright&quot;:&quot;&quot;,&quot;focal_length&quot;:&quot;0&quot;,&quot;iso&quot;:&quot;0&quot;,&quot;shutter_speed&quot;:&quot;0&quot;,&quot;title&quot;:&quot;&quot;,&quot;orientation&quot;:&quot;0&quot;}\" data-image-title=\"WhatsApp Image 2021-06-07 at 17.17.28\" data-image-description=\"\" data-image-caption=\"\" data-large-file=\"https:\/\/eldiariodesanpedro.com.ar\/sitio\/wp-content\/uploads\/2021\/06\/WhatsApp-Image-2021-06-07-at-17.17.28-1024x992.jpeg\" data-src=\"https:\/\/eldiariodesanpedro.com.ar\/sitio\/wp-content\/uploads\/2021\/06\/WhatsApp-Image-2021-06-07-at-17.17.28-1024x992.jpeg\" alt=\"\" class=\"wp-image-93833 lazyload\" data-srcset=\"https:\/\/eldiariodesanpedro.com.ar\/sitio\/wp-content\/uploads\/2021\/06\/WhatsApp-Image-2021-06-07-at-17.17.28-1024x992.jpeg 1024w, https:\/\/eldiariodesanpedro.com.ar\/sitio\/wp-content\/uploads\/2021\/06\/WhatsApp-Image-2021-06-07-at-17.17.28-300x291.jpeg 300w, https:\/\/eldiariodesanpedro.com.ar\/sitio\/wp-content\/uploads\/2021\/06\/WhatsApp-Image-2021-06-07-at-17.17.28-768x744.jpeg 768w, https:\/\/eldiariodesanpedro.com.ar\/sitio\/wp-content\/uploads\/2021\/06\/WhatsApp-Image-2021-06-07-at-17.17.28.jpeg 1280w\" data-sizes=\"(max-width: 1024px) 100vw, 1024px\" src=\"data:image\/svg+xml;base64,PHN2ZyB3aWR0aD0iMSIgaGVpZ2h0PSIxIiB4bWxucz0iaHR0cDovL3d3dy53My5vcmcvMjAwMC9zdmciPjwvc3ZnPg==\" style=\"--smush-placeholder-width: 1024px; --smush-placeholder-aspect-ratio: 1024\/992;\" \/><\/figure>\n","protected":false},"excerpt":{"rendered":"<p>La Secretar\u00eda de Salud de la Municipalidad de San Pedro brinda el informe que acompa\u00f1a la placa del d\u00eda de la fecha, en el seguimiento de la Pandemia de Covid-19. Desde el Laboratorio del Hospital, confirmaron e informaron 2 testeos r\u00e1pidos positivos en una mujer de 68 a\u00f1os y un hombre de 39 a\u00f1os. Adem\u00e1s [&hellip;]<\/p>\n","protected":false},"author":4,"featured_media":77072,"comment_status":"open","ping_status":"closed","sticky":false,"template":"","format":"standard","meta":{"om_disable_all_campaigns":false,"_jetpack_memberships_contains_paid_content":false,"footnotes":""},"categories":[50,101,2],"tags":[],"class_list":["post-93832","post","type-post","status-publish","format-standard","has-post-thumbnail","hentry","category-destacadas","category-interes-general-locales","category-locales"],"aioseo_notices":[],"gutentor_comment":0,"jetpack_featured_media_url":"https:\/\/eldiariodesanpedro.com.ar\/sitio\/wp-content\/uploads\/2020\/07\/test-de-covid-19_1.jpg","jetpack_shortlink":"https:\/\/wp.me\/p6RhLt-opq","jetpack_sharing_enabled":true,"_links":{"self":[{"href":"https:\/\/eldiariodesanpedro.com.ar\/sitio\/wp-json\/wp\/v2\/posts\/93832","targetHints":{"allow":["GET"]}}],"collection":[{"href":"https:\/\/eldiariodesanpedro.com.ar\/sitio\/wp-json\/wp\/v2\/posts"}],"about":[{"href":"https:\/\/eldiariodesanpedro.com.ar\/sitio\/wp-json\/wp\/v2\/types\/post"}],"author":[{"embeddable":true,"href":"https:\/\/eldiariodesanpedro.com.ar\/sitio\/wp-json\/wp\/v2\/users\/4"}],"replies":[{"embeddable":true,"href":"https:\/\/eldiariodesanpedro.com.ar\/sitio\/wp-json\/wp\/v2\/comments?post=93832"}],"version-history":[{"count":1,"href":"https:\/\/eldiariodesanpedro.com.ar\/sitio\/wp-json\/wp\/v2\/posts\/93832\/revisions"}],"predecessor-version":[{"id":93834,"href":"https:\/\/eldiariodesanpedro.com.ar\/sitio\/wp-json\/wp\/v2\/posts\/93832\/revisions\/93834"}],"wp:featuredmedia":[{"embeddable":true,"href":"https:\/\/eldiariodesanpedro.com.ar\/sitio\/wp-json\/wp\/v2\/media\/77072"}],"wp:attachment":[{"href":"https:\/\/eldiariodesanpedro.com.ar\/sitio\/wp-json\/wp\/v2\/media?parent=93832"}],"wp:term":[{"taxonomy":"category","embeddable":true,"href":"https:\/\/eldiariodesanpedro.com.ar\/sitio\/wp-json\/wp\/v2\/categories?post=93832"},{"taxonomy":"post_tag","embeddable":true,"href":"https:\/\/eldiariodesanpedro.com.ar\/sitio\/wp-json\/wp\/v2\/tags?post=93832"}],"curies":[{"name":"wp","href":"https:\/\/api.w.org\/{rel}","templated":true}]}}