{"id":93825,"date":"2021-06-07T17:17:34","date_gmt":"2021-06-07T20:17:34","guid":{"rendered":"https:\/\/eldiariodesanpedro.com.ar\/sitio\/?p=93825"},"modified":"2021-06-07T17:17:42","modified_gmt":"2021-06-07T20:17:42","slug":"coronavirus-dos-fallecidos-hugo-roberto-mastroianni-de-68-anos-y-mariano-reyloba-de-48-anos-en-total-7-hoy","status":"publish","type":"post","link":"https:\/\/eldiariodesanpedro.com.ar\/sitio\/coronavirus-dos-fallecidos-hugo-roberto-mastroianni-de-68-anos-y-mariano-reyloba-de-48-anos-en-total-7-hoy\/","title":{"rendered":"Coronavirus: Dos fallecidos Hugo Roberto Mastroianni de 68 a\u00f1os y Mariano Reyloba de 48 a\u00f1os, en total 7 hoy"},"content":{"rendered":"<!-- VideographyWP Plugin Message: Automatic video embedding prevented by plugin options. -->\n\n<p>La Secretar\u00eda de Salud informa el fallecimiento del Sr. Hugo Roberto Mastroianni de 68 a\u00f1os, internado con un caso de Covid-19 positivo en la ciudad de Z\u00e1rate.<br>La Secretar\u00eda de Salud informa el fallecimiento del Sr. Mariano Reyloba de 48 a\u00f1os, internado con un caso de Covid-19 positivo en la ciudad de Lomas de Zamora.<\/p>\n\n\n\n<p>Compartimos las condolencias con sus familiares y amigos.<\/p>\n","protected":false},"excerpt":{"rendered":"<p>La Secretar\u00eda de Salud informa el fallecimiento del Sr. Hugo Roberto Mastroianni de 68 a\u00f1os, internado con un caso de Covid-19 positivo en la ciudad de Z\u00e1rate.La Secretar\u00eda de Salud informa el fallecimiento del Sr. Mariano Reyloba de 48 a\u00f1os, internado con un caso de Covid-19 positivo en la ciudad de Lomas de Zamora. Compartimos [&hellip;]<\/p>\n","protected":false},"author":4,"featured_media":82100,"comment_status":"open","ping_status":"closed","sticky":false,"template":"","format":"standard","meta":{"om_disable_all_campaigns":false,"_jetpack_memberships_contains_paid_content":false,"footnotes":""},"categories":[101,2],"tags":[],"class_list":["post-93825","post","type-post","status-publish","format-standard","has-post-thumbnail","hentry","category-interes-general-locales","category-locales"],"aioseo_notices":[],"gutentor_comment":0,"jetpack_featured_media_url":"https:\/\/eldiariodesanpedro.com.ar\/sitio\/wp-content\/uploads\/2020\/10\/sanitario-hace-cama-para-personas-cuarentena-por-coronavirus-marzo-del-2020-1584565459641.jpg","jetpack_shortlink":"https:\/\/wp.me\/p6RhLt-opj","jetpack_sharing_enabled":true,"_links":{"self":[{"href":"https:\/\/eldiariodesanpedro.com.ar\/sitio\/wp-json\/wp\/v2\/posts\/93825","targetHints":{"allow":["GET"]}}],"collection":[{"href":"https:\/\/eldiariodesanpedro.com.ar\/sitio\/wp-json\/wp\/v2\/posts"}],"about":[{"href":"https:\/\/eldiariodesanpedro.com.ar\/sitio\/wp-json\/wp\/v2\/types\/post"}],"author":[{"embeddable":true,"href":"https:\/\/eldiariodesanpedro.com.ar\/sitio\/wp-json\/wp\/v2\/users\/4"}],"replies":[{"embeddable":true,"href":"https:\/\/eldiariodesanpedro.com.ar\/sitio\/wp-json\/wp\/v2\/comments?post=93825"}],"version-history":[{"count":1,"href":"https:\/\/eldiariodesanpedro.com.ar\/sitio\/wp-json\/wp\/v2\/posts\/93825\/revisions"}],"predecessor-version":[{"id":93826,"href":"https:\/\/eldiariodesanpedro.com.ar\/sitio\/wp-json\/wp\/v2\/posts\/93825\/revisions\/93826"}],"wp:featuredmedia":[{"embeddable":true,"href":"https:\/\/eldiariodesanpedro.com.ar\/sitio\/wp-json\/wp\/v2\/media\/82100"}],"wp:attachment":[{"href":"https:\/\/eldiariodesanpedro.com.ar\/sitio\/wp-json\/wp\/v2\/media?parent=93825"}],"wp:term":[{"taxonomy":"category","embeddable":true,"href":"https:\/\/eldiariodesanpedro.com.ar\/sitio\/wp-json\/wp\/v2\/categories?post=93825"},{"taxonomy":"post_tag","embeddable":true,"href":"https:\/\/eldiariodesanpedro.com.ar\/sitio\/wp-json\/wp\/v2\/tags?post=93825"}],"curies":[{"name":"wp","href":"https:\/\/api.w.org\/{rel}","templated":true}]}}