{"id":93823,"date":"2021-06-07T11:31:40","date_gmt":"2021-06-07T14:31:40","guid":{"rendered":"https:\/\/eldiariodesanpedro.com.ar\/sitio\/?p=93823"},"modified":"2021-06-07T11:31:44","modified_gmt":"2021-06-07T14:31:44","slug":"uno-de-los-organizadores-pidio-disculpas-y-dijo-que-solo-fue-un-cumpleanitos","status":"publish","type":"post","link":"https:\/\/eldiariodesanpedro.com.ar\/sitio\/uno-de-los-organizadores-pidio-disculpas-y-dijo-que-solo-fue-un-cumpleanitos\/","title":{"rendered":"Uno de los organizadores pidi\u00f3 disculpas y dijo que solo fue \u00abun cumplea\u00f1itos\u00bb"},"content":{"rendered":"<!-- VideographyWP Plugin Message: Automatic video embedding prevented by plugin options. -->\n\n<p>Tras las duros comentarios y el desprecio de casi toda la ciudad por el hecho ocurrido el pasado el fin de semana donde se vio a personas en una fiesta clandestina utilizando mamelucos uno de sus organizadores publico en cuenta de Facebook  donde comento que no eran muchas personas y adem\u00e1s solo festejaban un cumplea\u00f1os y en ning\u00fan momento tuvieron la intensi\u00f3n de agredir u ofender a nadie.<\/p>\n\n\n\n<p>\u00ab<em>Hola gente me hago presente por ac\u00e1 para aclarar que no fue m\u00e1s que un cumplea\u00f1itoo con muy poquitas personas .. Jam\u00e1s la intenci\u00f3n fue ofender a nadie si bien todos sabemos lo que est\u00e1 pasando, familias que la est\u00e1n pasando muy mal Muchas muchas disculpas a todos<\/em>\u00ab<\/p>\n\n\n\n<p>La municipalidad trabaja para ver como realizar una denuncia donde realmente sancionen a estas personas.<\/p>\n","protected":false},"excerpt":{"rendered":"<p>Tras las duros comentarios y el desprecio de casi toda la ciudad por el hecho ocurrido el pasado el fin de semana donde se vio a personas en una fiesta clandestina utilizando mamelucos uno de sus organizadores publico en cuenta de Facebook donde comento que no eran muchas personas y adem\u00e1s solo festejaban un cumplea\u00f1os [&hellip;]<\/p>\n","protected":false},"author":4,"featured_media":93800,"comment_status":"open","ping_status":"closed","sticky":false,"template":"","format":"standard","meta":{"om_disable_all_campaigns":false,"_jetpack_memberships_contains_paid_content":false,"footnotes":""},"categories":[50,101,2],"tags":[],"class_list":["post-93823","post","type-post","status-publish","format-standard","has-post-thumbnail","hentry","category-destacadas","category-interes-general-locales","category-locales"],"aioseo_notices":[],"gutentor_comment":0,"jetpack_featured_media_url":"https:\/\/eldiariodesanpedro.com.ar\/sitio\/wp-content\/uploads\/2021\/06\/Sin-titulo-1-2.jpg","jetpack_shortlink":"https:\/\/wp.me\/p6RhLt-oph","jetpack_sharing_enabled":true,"_links":{"self":[{"href":"https:\/\/eldiariodesanpedro.com.ar\/sitio\/wp-json\/wp\/v2\/posts\/93823","targetHints":{"allow":["GET"]}}],"collection":[{"href":"https:\/\/eldiariodesanpedro.com.ar\/sitio\/wp-json\/wp\/v2\/posts"}],"about":[{"href":"https:\/\/eldiariodesanpedro.com.ar\/sitio\/wp-json\/wp\/v2\/types\/post"}],"author":[{"embeddable":true,"href":"https:\/\/eldiariodesanpedro.com.ar\/sitio\/wp-json\/wp\/v2\/users\/4"}],"replies":[{"embeddable":true,"href":"https:\/\/eldiariodesanpedro.com.ar\/sitio\/wp-json\/wp\/v2\/comments?post=93823"}],"version-history":[{"count":1,"href":"https:\/\/eldiariodesanpedro.com.ar\/sitio\/wp-json\/wp\/v2\/posts\/93823\/revisions"}],"predecessor-version":[{"id":93824,"href":"https:\/\/eldiariodesanpedro.com.ar\/sitio\/wp-json\/wp\/v2\/posts\/93823\/revisions\/93824"}],"wp:featuredmedia":[{"embeddable":true,"href":"https:\/\/eldiariodesanpedro.com.ar\/sitio\/wp-json\/wp\/v2\/media\/93800"}],"wp:attachment":[{"href":"https:\/\/eldiariodesanpedro.com.ar\/sitio\/wp-json\/wp\/v2\/media?parent=93823"}],"wp:term":[{"taxonomy":"category","embeddable":true,"href":"https:\/\/eldiariodesanpedro.com.ar\/sitio\/wp-json\/wp\/v2\/categories?post=93823"},{"taxonomy":"post_tag","embeddable":true,"href":"https:\/\/eldiariodesanpedro.com.ar\/sitio\/wp-json\/wp\/v2\/tags?post=93823"}],"curies":[{"name":"wp","href":"https:\/\/api.w.org\/{rel}","templated":true}]}}