{"id":93820,"date":"2021-06-07T11:19:07","date_gmt":"2021-06-07T14:19:07","guid":{"rendered":"https:\/\/eldiariodesanpedro.com.ar\/sitio\/?p=93820"},"modified":"2021-06-07T11:19:12","modified_gmt":"2021-06-07T14:19:12","slug":"ramon-salazar-informo-que-estan-buscando-la-manera-de-sancionar-a-los-que-estuvieron-en-la-fiesta-de-los-mamelucos","status":"publish","type":"post","link":"https:\/\/eldiariodesanpedro.com.ar\/sitio\/ramon-salazar-informo-que-estan-buscando-la-manera-de-sancionar-a-los-que-estuvieron-en-la-fiesta-de-los-mamelucos\/","title":{"rendered":"Ramon Salazar informo que est\u00e1n buscando la manera de sancionar a los que estuvieron en la fiesta de los mamelucos"},"content":{"rendered":"<!-- VideographyWP Plugin Message: Automatic video embedding prevented by plugin options. -->\n\n<p>Seg\u00fan inform\u00f3 el Secretario de Coordinaci\u00f3n, el Dr. Ramon Salazar desde el ejecutivo municipal est\u00e1n tratando de denunciar a quienes organizaron la fiesta clandestina de los mamelucos pero buscando la manera que realmente sean sancionados con una multa econ\u00f3mica o para que realicen tareas comunitarias.<\/p>\n\n\n\n<p>La fiesta clandestina en la que varios ciudadanos subieron fotos a redes sociales vestidos con mamelucos y barbijos similares a los del personal m\u00e9dico y fue considerado por toda la sociedad completa como una burla a la gente que trabaja para salvar vidas tuvo una gran repercusi\u00f3n dentro de municipio por lo que los funcionarios estuvieron reunidos para poder organizar los pasos a seguir analizando legalmente como se los puede multar.<\/p>\n\n\n\n<p>Al no haber sido detectada a tiempo la fiesta por parte de inspecci\u00f3n municipal o la polic\u00eda, el juzgado de paz no puede realizar una multa al no tener un acta formal, pero el ejecutivo est\u00e1 tratando de que se realice un acta de oficio teniendo en cuenta que ya fue identificado cada uno de los personajes y el lugar donde se realiz\u00f3, o tambi\u00e9n est\u00e1n analizando realizar una denuncia en la fiscal\u00eda para que investigue la justicia y sean imputados legalmente.<\/p>\n\n\n\n<p>Salazar teme que cualquiera de las denuncias sean elevadas al Juzgado federal de San Nicol\u00e1s por violaci\u00f3n al articulo 205 por lo que al estar colapsados los juzgados federales este hecho quede impune sin ser sancionados, por eso est\u00e1n trabajando para ver la manera de que estas personas paguen por la falta de respeto realizada.<\/p>\n","protected":false},"excerpt":{"rendered":"<p>Seg\u00fan inform\u00f3 el Secretario de Coordinaci\u00f3n, el Dr. Ramon Salazar desde el ejecutivo municipal est\u00e1n tratando de denunciar a quienes organizaron la fiesta clandestina de los mamelucos pero buscando la manera que realmente sean sancionados con una multa econ\u00f3mica o para que realicen tareas comunitarias. La fiesta clandestina en la que varios ciudadanos subieron fotos [&hellip;]<\/p>\n","protected":false},"author":4,"featured_media":93821,"comment_status":"open","ping_status":"closed","sticky":false,"template":"","format":"standard","meta":{"om_disable_all_campaigns":false,"_jetpack_memberships_contains_paid_content":false,"footnotes":""},"categories":[50,101,2],"tags":[],"class_list":["post-93820","post","type-post","status-publish","format-standard","has-post-thumbnail","hentry","category-destacadas","category-interes-general-locales","category-locales"],"aioseo_notices":[],"gutentor_comment":0,"jetpack_featured_media_url":"https:\/\/eldiariodesanpedro.com.ar\/sitio\/wp-content\/uploads\/2021\/06\/05.jpg","jetpack_shortlink":"https:\/\/wp.me\/p6RhLt-ope","jetpack_sharing_enabled":true,"_links":{"self":[{"href":"https:\/\/eldiariodesanpedro.com.ar\/sitio\/wp-json\/wp\/v2\/posts\/93820","targetHints":{"allow":["GET"]}}],"collection":[{"href":"https:\/\/eldiariodesanpedro.com.ar\/sitio\/wp-json\/wp\/v2\/posts"}],"about":[{"href":"https:\/\/eldiariodesanpedro.com.ar\/sitio\/wp-json\/wp\/v2\/types\/post"}],"author":[{"embeddable":true,"href":"https:\/\/eldiariodesanpedro.com.ar\/sitio\/wp-json\/wp\/v2\/users\/4"}],"replies":[{"embeddable":true,"href":"https:\/\/eldiariodesanpedro.com.ar\/sitio\/wp-json\/wp\/v2\/comments?post=93820"}],"version-history":[{"count":1,"href":"https:\/\/eldiariodesanpedro.com.ar\/sitio\/wp-json\/wp\/v2\/posts\/93820\/revisions"}],"predecessor-version":[{"id":93822,"href":"https:\/\/eldiariodesanpedro.com.ar\/sitio\/wp-json\/wp\/v2\/posts\/93820\/revisions\/93822"}],"wp:featuredmedia":[{"embeddable":true,"href":"https:\/\/eldiariodesanpedro.com.ar\/sitio\/wp-json\/wp\/v2\/media\/93821"}],"wp:attachment":[{"href":"https:\/\/eldiariodesanpedro.com.ar\/sitio\/wp-json\/wp\/v2\/media?parent=93820"}],"wp:term":[{"taxonomy":"category","embeddable":true,"href":"https:\/\/eldiariodesanpedro.com.ar\/sitio\/wp-json\/wp\/v2\/categories?post=93820"},{"taxonomy":"post_tag","embeddable":true,"href":"https:\/\/eldiariodesanpedro.com.ar\/sitio\/wp-json\/wp\/v2\/tags?post=93820"}],"curies":[{"name":"wp","href":"https:\/\/api.w.org\/{rel}","templated":true}]}}