{"id":93814,"date":"2021-06-07T10:36:09","date_gmt":"2021-06-07T13:36:09","guid":{"rendered":"https:\/\/eldiariodesanpedro.com.ar\/sitio\/?p=93814"},"modified":"2021-06-07T10:36:13","modified_gmt":"2021-06-07T13:36:13","slug":"coronavirus-los-numeros-continuan-mostrando-una-mejoria-y-el-ejecutivo-solicitaria-el-pedido-de-pase-a-fase-3","status":"publish","type":"post","link":"https:\/\/eldiariodesanpedro.com.ar\/sitio\/coronavirus-los-numeros-continuan-mostrando-una-mejoria-y-el-ejecutivo-solicitaria-el-pedido-de-pase-a-fase-3\/","title":{"rendered":"Coronavirus: Los n\u00fameros contin\u00faan mostrando una mejor\u00eda y el ejecutivo solicitar\u00eda el pedido de pase a fase 3"},"content":{"rendered":"<!-- VideographyWP Plugin Message: Automatic video embedding prevented by plugin options. -->\n\n<p>Seg\u00fan informo la Secretaria de Salud de nuestra ciudad en el parte semanal que va desde l el 30 de mayo al 05 de Junio se puede ver que continua la mejor\u00eda luego del confinamiento estricto y seg\u00fan explicaron desde el ejecutivo municipal si los n\u00fameros contin\u00faan de esta manera solicitaran el pase a fase 3 la pr\u00f3xima semana.<\/p>\n\n\n\n<p>Afortunadamente los n\u00fameros reflejan una gran mejor\u00eda para la pandemia en nuestra ciudad donde se puede ver que el RO ( el n\u00famero de reproducci\u00f3n, <strong>para describir la intensidad de una enfermedad<\/strong>\u00a0infecciosa) que se encuentra en una gran disminuci\u00f3n por lo que puede ser que haya pasado el pico de la segunda ola en nuestra ciudad. El \u00edndice de la <\/p>\n\n\n\n<figure class=\"wp-block-image size-large\"><img decoding=\"async\" width=\"1024\" height=\"539\" data-attachment-id=\"93815\" data-permalink=\"https:\/\/eldiariodesanpedro.com.ar\/sitio\/coronavirus-los-numeros-continuan-mostrando-una-mejoria-y-el-ejecutivo-solicitaria-el-pedido-de-pase-a-fase-3\/whatsapp-image-2021-06-07-at-09-36-25-1\/\" data-orig-file=\"https:\/\/eldiariodesanpedro.com.ar\/sitio\/wp-content\/uploads\/2021\/06\/WhatsApp-Image-2021-06-07-at-09.36.25-1.jpeg\" data-orig-size=\"1048,552\" data-comments-opened=\"1\" data-image-meta=\"{&quot;aperture&quot;:&quot;0&quot;,&quot;credit&quot;:&quot;&quot;,&quot;camera&quot;:&quot;&quot;,&quot;caption&quot;:&quot;&quot;,&quot;created_timestamp&quot;:&quot;0&quot;,&quot;copyright&quot;:&quot;&quot;,&quot;focal_length&quot;:&quot;0&quot;,&quot;iso&quot;:&quot;0&quot;,&quot;shutter_speed&quot;:&quot;0&quot;,&quot;title&quot;:&quot;&quot;,&quot;orientation&quot;:&quot;0&quot;}\" data-image-title=\"WhatsApp-Image-2021-06-07-at-09.36.25-1\" data-image-description=\"\" data-image-caption=\"\" data-large-file=\"https:\/\/eldiariodesanpedro.com.ar\/sitio\/wp-content\/uploads\/2021\/06\/WhatsApp-Image-2021-06-07-at-09.36.25-1-1024x539.jpeg\" data-src=\"https:\/\/eldiariodesanpedro.com.ar\/sitio\/wp-content\/uploads\/2021\/06\/WhatsApp-Image-2021-06-07-at-09.36.25-1-1024x539.jpeg\" alt=\"\" class=\"wp-image-93815 lazyload\" data-srcset=\"https:\/\/eldiariodesanpedro.com.ar\/sitio\/wp-content\/uploads\/2021\/06\/WhatsApp-Image-2021-06-07-at-09.36.25-1-1024x539.jpeg 1024w, https:\/\/eldiariodesanpedro.com.ar\/sitio\/wp-content\/uploads\/2021\/06\/WhatsApp-Image-2021-06-07-at-09.36.25-1-300x158.jpeg 300w, https:\/\/eldiariodesanpedro.com.ar\/sitio\/wp-content\/uploads\/2021\/06\/WhatsApp-Image-2021-06-07-at-09.36.25-1-768x405.jpeg 768w, https:\/\/eldiariodesanpedro.com.ar\/sitio\/wp-content\/uploads\/2021\/06\/WhatsApp-Image-2021-06-07-at-09.36.25-1.jpeg 1048w\" data-sizes=\"(max-width: 1024px) 100vw, 1024px\" src=\"data:image\/svg+xml;base64,PHN2ZyB3aWR0aD0iMSIgaGVpZ2h0PSIxIiB4bWxucz0iaHR0cDovL3d3dy53My5vcmcvMjAwMC9zdmciPjwvc3ZnPg==\" style=\"--smush-placeholder-width: 1024px; --smush-placeholder-aspect-ratio: 1024\/539;\" \/><\/figure>\n\n\n\n<p>Lo que se pudo apreciar en el consultorio amarillo de nuestra ciudad es una gran reducci\u00f3n de consultas y adem\u00e1s de las personas hisopadas en todos los reportes se pudo ver una baja en la positividad de que estaba en un 60% pasando a alrededor de 30 %. La semana que nos dejo la cantidad de positivos bajo a 215 en una sola semana. Lo que si preocupa a los m\u00e9dicos de nuestra ciudad es la cantidad de muerto por semana que va en aumento pero se espera que debido a la baja de casos tambi\u00e9n comience la baja de fallecimientos.<\/p>\n\n\n\n<figure class=\"wp-block-image size-large\"><img decoding=\"async\" width=\"946\" height=\"490\" data-attachment-id=\"93816\" data-permalink=\"https:\/\/eldiariodesanpedro.com.ar\/sitio\/coronavirus-los-numeros-continuan-mostrando-una-mejoria-y-el-ejecutivo-solicitaria-el-pedido-de-pase-a-fase-3\/whatsapp-image-2021-06-07-at-09-36-24\/\" data-orig-file=\"https:\/\/eldiariodesanpedro.com.ar\/sitio\/wp-content\/uploads\/2021\/06\/WhatsApp-Image-2021-06-07-at-09.36.24.jpeg\" data-orig-size=\"946,490\" data-comments-opened=\"1\" data-image-meta=\"{&quot;aperture&quot;:&quot;0&quot;,&quot;credit&quot;:&quot;&quot;,&quot;camera&quot;:&quot;&quot;,&quot;caption&quot;:&quot;&quot;,&quot;created_timestamp&quot;:&quot;0&quot;,&quot;copyright&quot;:&quot;&quot;,&quot;focal_length&quot;:&quot;0&quot;,&quot;iso&quot;:&quot;0&quot;,&quot;shutter_speed&quot;:&quot;0&quot;,&quot;title&quot;:&quot;&quot;,&quot;orientation&quot;:&quot;0&quot;}\" data-image-title=\"WhatsApp-Image-2021-06-07-at-09.36.24\" data-image-description=\"\" data-image-caption=\"\" data-large-file=\"https:\/\/eldiariodesanpedro.com.ar\/sitio\/wp-content\/uploads\/2021\/06\/WhatsApp-Image-2021-06-07-at-09.36.24.jpeg\" data-src=\"https:\/\/eldiariodesanpedro.com.ar\/sitio\/wp-content\/uploads\/2021\/06\/WhatsApp-Image-2021-06-07-at-09.36.24.jpeg\" alt=\"\" class=\"wp-image-93816 lazyload\" data-srcset=\"https:\/\/eldiariodesanpedro.com.ar\/sitio\/wp-content\/uploads\/2021\/06\/WhatsApp-Image-2021-06-07-at-09.36.24.jpeg 946w, https:\/\/eldiariodesanpedro.com.ar\/sitio\/wp-content\/uploads\/2021\/06\/WhatsApp-Image-2021-06-07-at-09.36.24-300x155.jpeg 300w, https:\/\/eldiariodesanpedro.com.ar\/sitio\/wp-content\/uploads\/2021\/06\/WhatsApp-Image-2021-06-07-at-09.36.24-768x398.jpeg 768w\" data-sizes=\"(max-width: 946px) 100vw, 946px\" src=\"data:image\/svg+xml;base64,PHN2ZyB3aWR0aD0iMSIgaGVpZ2h0PSIxIiB4bWxucz0iaHR0cDovL3d3dy53My5vcmcvMjAwMC9zdmciPjwvc3ZnPg==\" style=\"--smush-placeholder-width: 946px; --smush-placeholder-aspect-ratio: 946\/490;\" \/><\/figure>\n\n\n\n<p>Los casos activos fueron en disminuci\u00f3n despu\u00e9s de haber llegado a mantenerse por un par de semanas en superiores a 500 en la que paso se mantienen en un poco mas de 300 y se espera que la pr\u00f3xima sea aun menor.<\/p>\n\n\n\n<figure class=\"wp-block-image size-large\"><img decoding=\"async\" width=\"1024\" height=\"260\" data-attachment-id=\"93817\" data-permalink=\"https:\/\/eldiariodesanpedro.com.ar\/sitio\/coronavirus-los-numeros-continuan-mostrando-una-mejoria-y-el-ejecutivo-solicitaria-el-pedido-de-pase-a-fase-3\/whatsapp-image-2021-06-07-at-09-36-25\/\" data-orig-file=\"https:\/\/eldiariodesanpedro.com.ar\/sitio\/wp-content\/uploads\/2021\/06\/WhatsApp-Image-2021-06-07-at-09.36.25.jpeg\" data-orig-size=\"1280,325\" data-comments-opened=\"1\" data-image-meta=\"{&quot;aperture&quot;:&quot;0&quot;,&quot;credit&quot;:&quot;&quot;,&quot;camera&quot;:&quot;&quot;,&quot;caption&quot;:&quot;&quot;,&quot;created_timestamp&quot;:&quot;0&quot;,&quot;copyright&quot;:&quot;&quot;,&quot;focal_length&quot;:&quot;0&quot;,&quot;iso&quot;:&quot;0&quot;,&quot;shutter_speed&quot;:&quot;0&quot;,&quot;title&quot;:&quot;&quot;,&quot;orientation&quot;:&quot;0&quot;}\" data-image-title=\"WhatsApp Image 2021-06-07 at 09.36.25\" data-image-description=\"\" data-image-caption=\"\" data-large-file=\"https:\/\/eldiariodesanpedro.com.ar\/sitio\/wp-content\/uploads\/2021\/06\/WhatsApp-Image-2021-06-07-at-09.36.25-1024x260.jpeg\" data-src=\"https:\/\/eldiariodesanpedro.com.ar\/sitio\/wp-content\/uploads\/2021\/06\/WhatsApp-Image-2021-06-07-at-09.36.25-1024x260.jpeg\" alt=\"\" class=\"wp-image-93817 lazyload\" data-srcset=\"https:\/\/eldiariodesanpedro.com.ar\/sitio\/wp-content\/uploads\/2021\/06\/WhatsApp-Image-2021-06-07-at-09.36.25-1024x260.jpeg 1024w, https:\/\/eldiariodesanpedro.com.ar\/sitio\/wp-content\/uploads\/2021\/06\/WhatsApp-Image-2021-06-07-at-09.36.25-300x76.jpeg 300w, https:\/\/eldiariodesanpedro.com.ar\/sitio\/wp-content\/uploads\/2021\/06\/WhatsApp-Image-2021-06-07-at-09.36.25-768x195.jpeg 768w, https:\/\/eldiariodesanpedro.com.ar\/sitio\/wp-content\/uploads\/2021\/06\/WhatsApp-Image-2021-06-07-at-09.36.25.jpeg 1280w\" data-sizes=\"(max-width: 1024px) 100vw, 1024px\" src=\"data:image\/svg+xml;base64,PHN2ZyB3aWR0aD0iMSIgaGVpZ2h0PSIxIiB4bWxucz0iaHR0cDovL3d3dy53My5vcmcvMjAwMC9zdmciPjwvc3ZnPg==\" style=\"--smush-placeholder-width: 1024px; --smush-placeholder-aspect-ratio: 1024\/260;\" \/><\/figure>\n\n\n\n<p>Aunque la incidencia por cantidad de habitantes no es la que la ciudad necesita para pasar a fase 3, desde el ejecutivo informaron que van a solicitar, de mantenerse la pr\u00f3xima semana la baja, que la ciudad sea pasada a fase 3 para poder abrir actividades que se encuentran hoy cerradas como por ejemplo el sector gastron\u00f3mico. <\/p>\n\n\n\n<figure class=\"wp-block-image size-large\"><img decoding=\"async\" width=\"1024\" height=\"591\" data-attachment-id=\"93818\" data-permalink=\"https:\/\/eldiariodesanpedro.com.ar\/sitio\/coronavirus-los-numeros-continuan-mostrando-una-mejoria-y-el-ejecutivo-solicitaria-el-pedido-de-pase-a-fase-3\/whatsapp-image-2021-06-07-at-09-36-26\/\" data-orig-file=\"https:\/\/eldiariodesanpedro.com.ar\/sitio\/wp-content\/uploads\/2021\/06\/WhatsApp-Image-2021-06-07-at-09.36.26.jpeg\" data-orig-size=\"1089,629\" data-comments-opened=\"1\" data-image-meta=\"{&quot;aperture&quot;:&quot;0&quot;,&quot;credit&quot;:&quot;&quot;,&quot;camera&quot;:&quot;&quot;,&quot;caption&quot;:&quot;&quot;,&quot;created_timestamp&quot;:&quot;0&quot;,&quot;copyright&quot;:&quot;&quot;,&quot;focal_length&quot;:&quot;0&quot;,&quot;iso&quot;:&quot;0&quot;,&quot;shutter_speed&quot;:&quot;0&quot;,&quot;title&quot;:&quot;&quot;,&quot;orientation&quot;:&quot;0&quot;}\" data-image-title=\"WhatsApp-Image-2021-06-07-at-09.36.26\" data-image-description=\"\" data-image-caption=\"\" data-large-file=\"https:\/\/eldiariodesanpedro.com.ar\/sitio\/wp-content\/uploads\/2021\/06\/WhatsApp-Image-2021-06-07-at-09.36.26-1024x591.jpeg\" data-src=\"https:\/\/eldiariodesanpedro.com.ar\/sitio\/wp-content\/uploads\/2021\/06\/WhatsApp-Image-2021-06-07-at-09.36.26-1024x591.jpeg\" alt=\"\" class=\"wp-image-93818 lazyload\" data-srcset=\"https:\/\/eldiariodesanpedro.com.ar\/sitio\/wp-content\/uploads\/2021\/06\/WhatsApp-Image-2021-06-07-at-09.36.26-1024x591.jpeg 1024w, https:\/\/eldiariodesanpedro.com.ar\/sitio\/wp-content\/uploads\/2021\/06\/WhatsApp-Image-2021-06-07-at-09.36.26-300x173.jpeg 300w, https:\/\/eldiariodesanpedro.com.ar\/sitio\/wp-content\/uploads\/2021\/06\/WhatsApp-Image-2021-06-07-at-09.36.26-768x444.jpeg 768w, https:\/\/eldiariodesanpedro.com.ar\/sitio\/wp-content\/uploads\/2021\/06\/WhatsApp-Image-2021-06-07-at-09.36.26.jpeg 1089w\" data-sizes=\"(max-width: 1024px) 100vw, 1024px\" src=\"data:image\/svg+xml;base64,PHN2ZyB3aWR0aD0iMSIgaGVpZ2h0PSIxIiB4bWxucz0iaHR0cDovL3d3dy53My5vcmcvMjAwMC9zdmciPjwvc3ZnPg==\" style=\"--smush-placeholder-width: 1024px; --smush-placeholder-aspect-ratio: 1024\/591;\" \/><\/figure>\n","protected":false},"excerpt":{"rendered":"<p>Seg\u00fan informo la Secretaria de Salud de nuestra ciudad en el parte semanal que va desde l el 30 de mayo al 05 de Junio se puede ver que continua la mejor\u00eda luego del confinamiento estricto y seg\u00fan explicaron desde el ejecutivo municipal si los n\u00fameros contin\u00faan de esta manera solicitaran el pase a fase [&hellip;]<\/p>\n","protected":false},"author":4,"featured_media":93050,"comment_status":"open","ping_status":"closed","sticky":false,"template":"","format":"standard","meta":{"om_disable_all_campaigns":false,"_jetpack_memberships_contains_paid_content":false,"footnotes":""},"categories":[50,101,2],"tags":[],"class_list":["post-93814","post","type-post","status-publish","format-standard","has-post-thumbnail","hentry","category-destacadas","category-interes-general-locales","category-locales"],"aioseo_notices":[],"gutentor_comment":0,"jetpack_featured_media_url":"https:\/\/eldiariodesanpedro.com.ar\/sitio\/wp-content\/uploads\/2021\/05\/WhatsApp-Image-2021-05-23-at-16.31.05-4.jpeg","jetpack_shortlink":"https:\/\/wp.me\/p6RhLt-op8","jetpack_sharing_enabled":true,"_links":{"self":[{"href":"https:\/\/eldiariodesanpedro.com.ar\/sitio\/wp-json\/wp\/v2\/posts\/93814","targetHints":{"allow":["GET"]}}],"collection":[{"href":"https:\/\/eldiariodesanpedro.com.ar\/sitio\/wp-json\/wp\/v2\/posts"}],"about":[{"href":"https:\/\/eldiariodesanpedro.com.ar\/sitio\/wp-json\/wp\/v2\/types\/post"}],"author":[{"embeddable":true,"href":"https:\/\/eldiariodesanpedro.com.ar\/sitio\/wp-json\/wp\/v2\/users\/4"}],"replies":[{"embeddable":true,"href":"https:\/\/eldiariodesanpedro.com.ar\/sitio\/wp-json\/wp\/v2\/comments?post=93814"}],"version-history":[{"count":1,"href":"https:\/\/eldiariodesanpedro.com.ar\/sitio\/wp-json\/wp\/v2\/posts\/93814\/revisions"}],"predecessor-version":[{"id":93819,"href":"https:\/\/eldiariodesanpedro.com.ar\/sitio\/wp-json\/wp\/v2\/posts\/93814\/revisions\/93819"}],"wp:featuredmedia":[{"embeddable":true,"href":"https:\/\/eldiariodesanpedro.com.ar\/sitio\/wp-json\/wp\/v2\/media\/93050"}],"wp:attachment":[{"href":"https:\/\/eldiariodesanpedro.com.ar\/sitio\/wp-json\/wp\/v2\/media?parent=93814"}],"wp:term":[{"taxonomy":"category","embeddable":true,"href":"https:\/\/eldiariodesanpedro.com.ar\/sitio\/wp-json\/wp\/v2\/categories?post=93814"},{"taxonomy":"post_tag","embeddable":true,"href":"https:\/\/eldiariodesanpedro.com.ar\/sitio\/wp-json\/wp\/v2\/tags?post=93814"}],"curies":[{"name":"wp","href":"https:\/\/api.w.org\/{rel}","templated":true}]}}