{"id":93812,"date":"2021-06-07T10:07:34","date_gmt":"2021-06-07T13:07:34","guid":{"rendered":"https:\/\/eldiariodesanpedro.com.ar\/sitio\/?p=93812"},"modified":"2021-06-07T10:07:38","modified_gmt":"2021-06-07T13:07:38","slug":"quinta-victima-del-dia-lidia-garcia-de-73-anos-y-son-171-en-total","status":"publish","type":"post","link":"https:\/\/eldiariodesanpedro.com.ar\/sitio\/quinta-victima-del-dia-lidia-garcia-de-73-anos-y-son-171-en-total\/","title":{"rendered":"Quinta victima del d\u00eda Lidia Garc\u00eda de 73 a\u00f1os y son 171 en total"},"content":{"rendered":"<!-- VideographyWP Plugin Message: Automatic video embedding prevented by plugin options. -->\n\n<p>La Secretar\u00eda de Salud informa el fallecimiento ocurrido en el d\u00eda de hoy de la Sra. Lidia Garc\u00eda de 73 a\u00f1os, internada en el Hospital Emilio Ruffa con un cuadro de Covid-19 positivo.<\/p>\n\n\n\n<p>Compartimos las condolencias con sus familiares y seres queridos en este doloroso momento.<\/p>\n","protected":false},"excerpt":{"rendered":"<p>La Secretar\u00eda de Salud informa el fallecimiento ocurrido en el d\u00eda de hoy de la Sra. Lidia Garc\u00eda de 73 a\u00f1os, internada en el Hospital Emilio Ruffa con un cuadro de Covid-19 positivo. Compartimos las condolencias con sus familiares y seres queridos en este doloroso momento.<\/p>\n","protected":false},"author":4,"featured_media":77464,"comment_status":"open","ping_status":"closed","sticky":false,"template":"","format":"standard","meta":{"om_disable_all_campaigns":false,"_jetpack_memberships_contains_paid_content":false,"footnotes":""},"categories":[50,101,2],"tags":[],"class_list":["post-93812","post","type-post","status-publish","format-standard","has-post-thumbnail","hentry","category-destacadas","category-interes-general-locales","category-locales"],"aioseo_notices":[],"gutentor_comment":0,"jetpack_featured_media_url":"https:\/\/eldiariodesanpedro.com.ar\/sitio\/wp-content\/uploads\/2020\/07\/5e87e1dede692.jpeg","jetpack_shortlink":"https:\/\/wp.me\/p6RhLt-op6","jetpack_sharing_enabled":true,"_links":{"self":[{"href":"https:\/\/eldiariodesanpedro.com.ar\/sitio\/wp-json\/wp\/v2\/posts\/93812","targetHints":{"allow":["GET"]}}],"collection":[{"href":"https:\/\/eldiariodesanpedro.com.ar\/sitio\/wp-json\/wp\/v2\/posts"}],"about":[{"href":"https:\/\/eldiariodesanpedro.com.ar\/sitio\/wp-json\/wp\/v2\/types\/post"}],"author":[{"embeddable":true,"href":"https:\/\/eldiariodesanpedro.com.ar\/sitio\/wp-json\/wp\/v2\/users\/4"}],"replies":[{"embeddable":true,"href":"https:\/\/eldiariodesanpedro.com.ar\/sitio\/wp-json\/wp\/v2\/comments?post=93812"}],"version-history":[{"count":1,"href":"https:\/\/eldiariodesanpedro.com.ar\/sitio\/wp-json\/wp\/v2\/posts\/93812\/revisions"}],"predecessor-version":[{"id":93813,"href":"https:\/\/eldiariodesanpedro.com.ar\/sitio\/wp-json\/wp\/v2\/posts\/93812\/revisions\/93813"}],"wp:featuredmedia":[{"embeddable":true,"href":"https:\/\/eldiariodesanpedro.com.ar\/sitio\/wp-json\/wp\/v2\/media\/77464"}],"wp:attachment":[{"href":"https:\/\/eldiariodesanpedro.com.ar\/sitio\/wp-json\/wp\/v2\/media?parent=93812"}],"wp:term":[{"taxonomy":"category","embeddable":true,"href":"https:\/\/eldiariodesanpedro.com.ar\/sitio\/wp-json\/wp\/v2\/categories?post=93812"},{"taxonomy":"post_tag","embeddable":true,"href":"https:\/\/eldiariodesanpedro.com.ar\/sitio\/wp-json\/wp\/v2\/tags?post=93812"}],"curies":[{"name":"wp","href":"https:\/\/api.w.org\/{rel}","templated":true}]}}