{"id":93809,"date":"2021-06-07T10:04:59","date_gmt":"2021-06-07T13:04:59","guid":{"rendered":"https:\/\/eldiariodesanpedro.com.ar\/sitio\/?p=93809"},"modified":"2021-06-07T10:05:08","modified_gmt":"2021-06-07T13:05:08","slug":"caso-lopes-garcia-declararon-y-siguen-detenidos-los-policias-acusados-por-el-homicidio","status":"publish","type":"post","link":"https:\/\/eldiariodesanpedro.com.ar\/sitio\/caso-lopes-garcia-declararon-y-siguen-detenidos-los-policias-acusados-por-el-homicidio\/","title":{"rendered":"Caso L\u00f3pes Garc\u00eda: Declararon y siguen detenidos los polic\u00edas acusados por el homicidio"},"content":{"rendered":"<!-- VideographyWP Plugin Message: Automatic video embedding prevented by plugin options. -->\n\n<p>En la ma\u00f1ana del s\u00e1bado declararon los polic\u00edas\u00a0Rodrigo Vel\u00e1zquez y Emanuel Gonz\u00e1lez. Ambos est\u00e1n acusados de golpear a Germ\u00e1n L\u00f3pes Garc\u00eda, quien falleci\u00f3 por las heridas internas sufridas.\u00a0<\/p>\n\n\n\n<p>El viernes fueron detenidos y en la ma\u00f1ana del s\u00e1bado se presentaron ante el fiscal Hern\u00e1n Granda, los polic\u00edas Rodrigo Vel\u00e1zquez y Emanuel Gonz\u00e1lez. Los dos funcionarios que se desempe\u00f1an en la Comisar\u00eda local est\u00e1n imputados en el hecho donde falleci\u00f3 Germ\u00e1n L\u00f3pes Garc\u00eda,&nbsp;<\/p>\n\n\n\n<p>Los acusados declararon ante el letrado que \u00abno mataron a L\u00f3pez Garc\u00eda y solo utilizaron la fuerza m\u00ednima indispensable para reducirlo\u00bb.&nbsp;&nbsp;<\/p>\n\n\n\n<p>El hombre de 44 a\u00f1os ingres\u00f3 a la guardia del Hospital \u00abEmilio Ruffa\u00bb en la noche del 2 de mayo, trasladado por una patrulla policial,&nbsp;presentando lesiones en la zona abdominal.&nbsp;<\/p>\n\n\n\n<p>Su estado de salud se fue agravando y 23 d\u00edas despu\u00e9s falleci\u00f3 como producto de los golpes que recibi\u00f3 por parte de la polic\u00eda, los cuales da\u00f1aron vasos y v\u00edsceras.&nbsp;El incidente aconteci\u00f3 en la vivienda donde resid\u00eda la v\u00edctima en la esquina de Casella y Fray del Pozo.&nbsp;<\/p>\n\n\n\n<p>Con los resultados de la autopsia y los informes de los m\u00e9dicos, el fiscal Hern\u00e1n Granda, titular de la Ufi 8 de Baradero, solicit\u00f3 el viernes la detenci\u00f3n de Vel\u00e1zquez y Gonz\u00e1lez, medida que finalmente se hizo efectiva es d\u00eda cuando una comisi\u00f3n de Prefectura\u00a0Naval captur\u00f3 a los funcionarios en nuestra ciudad, a Gonz\u00e1lez, y en San Nicol\u00e1s, a Vel\u00e1zquez, localidad de donde es oriundo.<\/p>\n\n\n\n<p>Fuente: <a href=\"https:\/\/www.sanpedroinforma.com.ar\/nota\/124232\/interes-general\/caso-lopes-garcia-declararon-y-siguen-detenidos-los-policias-acusados-por-el-homicidio.html\">San Pedro informa<\/a><\/p>\n","protected":false},"excerpt":{"rendered":"<p>En la ma\u00f1ana del s\u00e1bado declararon los polic\u00edas\u00a0Rodrigo Vel\u00e1zquez y Emanuel Gonz\u00e1lez. Ambos est\u00e1n acusados de golpear a Germ\u00e1n L\u00f3pes Garc\u00eda, quien falleci\u00f3 por las heridas internas sufridas.\u00a0 El viernes fueron detenidos y en la ma\u00f1ana del s\u00e1bado se presentaron ante el fiscal Hern\u00e1n Granda, los polic\u00edas Rodrigo Vel\u00e1zquez y Emanuel Gonz\u00e1lez. Los dos funcionarios [&hellip;]<\/p>\n","protected":false},"author":4,"featured_media":93810,"comment_status":"open","ping_status":"closed","sticky":false,"template":"","format":"standard","meta":{"om_disable_all_campaigns":false,"_jetpack_memberships_contains_paid_content":false,"footnotes":""},"categories":[50,101,2],"tags":[],"class_list":["post-93809","post","type-post","status-publish","format-standard","has-post-thumbnail","hentry","category-destacadas","category-interes-general-locales","category-locales"],"aioseo_notices":[],"gutentor_comment":0,"jetpack_featured_media_url":"https:\/\/eldiariodesanpedro.com.ar\/sitio\/wp-content\/uploads\/2021\/06\/000091835.jpg","jetpack_shortlink":"https:\/\/wp.me\/p6RhLt-op3","jetpack_sharing_enabled":true,"_links":{"self":[{"href":"https:\/\/eldiariodesanpedro.com.ar\/sitio\/wp-json\/wp\/v2\/posts\/93809","targetHints":{"allow":["GET"]}}],"collection":[{"href":"https:\/\/eldiariodesanpedro.com.ar\/sitio\/wp-json\/wp\/v2\/posts"}],"about":[{"href":"https:\/\/eldiariodesanpedro.com.ar\/sitio\/wp-json\/wp\/v2\/types\/post"}],"author":[{"embeddable":true,"href":"https:\/\/eldiariodesanpedro.com.ar\/sitio\/wp-json\/wp\/v2\/users\/4"}],"replies":[{"embeddable":true,"href":"https:\/\/eldiariodesanpedro.com.ar\/sitio\/wp-json\/wp\/v2\/comments?post=93809"}],"version-history":[{"count":1,"href":"https:\/\/eldiariodesanpedro.com.ar\/sitio\/wp-json\/wp\/v2\/posts\/93809\/revisions"}],"predecessor-version":[{"id":93811,"href":"https:\/\/eldiariodesanpedro.com.ar\/sitio\/wp-json\/wp\/v2\/posts\/93809\/revisions\/93811"}],"wp:featuredmedia":[{"embeddable":true,"href":"https:\/\/eldiariodesanpedro.com.ar\/sitio\/wp-json\/wp\/v2\/media\/93810"}],"wp:attachment":[{"href":"https:\/\/eldiariodesanpedro.com.ar\/sitio\/wp-json\/wp\/v2\/media?parent=93809"}],"wp:term":[{"taxonomy":"category","embeddable":true,"href":"https:\/\/eldiariodesanpedro.com.ar\/sitio\/wp-json\/wp\/v2\/categories?post=93809"},{"taxonomy":"post_tag","embeddable":true,"href":"https:\/\/eldiariodesanpedro.com.ar\/sitio\/wp-json\/wp\/v2\/tags?post=93809"}],"curies":[{"name":"wp","href":"https:\/\/api.w.org\/{rel}","templated":true}]}}