{"id":93807,"date":"2021-06-07T09:57:47","date_gmt":"2021-06-07T12:57:47","guid":{"rendered":"https:\/\/eldiariodesanpedro.com.ar\/sitio\/?p=93807"},"modified":"2021-06-07T09:57:51","modified_gmt":"2021-06-07T12:57:51","slug":"cuatro-fallecidos-de-covid-antonio-eduardo-lozada-de-70-juan-alberto-garcia-de-63-hector-vonutti-de-70-y-ruben-orlando-romero-de-77-anos","status":"publish","type":"post","link":"https:\/\/eldiariodesanpedro.com.ar\/sitio\/cuatro-fallecidos-de-covid-antonio-eduardo-lozada-de-70-juan-alberto-garcia-de-63-hector-vonutti-de-70-y-ruben-orlando-romero-de-77-anos\/","title":{"rendered":"Cuatro fallecidos de covid: Antonio Eduardo Lozada de 70, Juan Alberto Garc\u00eda de 63, H\u00e9ctor Vonutti de 70 y Rub\u00e9n Orlando Romero de 77 a\u00f1os"},"content":{"rendered":"<!-- VideographyWP Plugin Message: Automatic video embedding prevented by plugin options. -->\n\n<p>Con profundo dolor y transitando momentos sumamente tristes para toda nuestra comunidad, informamos decesos registrados durante las \u00faltimas horas, ante casos positivos de Covid-19.<\/p>\n\n\n\n<p>Antonio Eduardo Lozada de 70 a\u00f1os en sanatorio privado<br>Juan Alberto Garc\u00eda de 63 a\u00f1os en cl\u00ednica privada<br>H\u00e9ctor Vonutti de 70 a\u00f1os en cl\u00ednica privada<br>Rub\u00e9n Orlando Romero de 77 a\u00f1os en Hospital Emilio Ruffa<\/p>\n\n\n\n<p>Compartimos nuestras condolencias con sus familiares y seres queridos.<\/p>\n","protected":false},"excerpt":{"rendered":"<p>Con profundo dolor y transitando momentos sumamente tristes para toda nuestra comunidad, informamos decesos registrados durante las \u00faltimas horas, ante casos positivos de Covid-19. Antonio Eduardo Lozada de 70 a\u00f1os en sanatorio privadoJuan Alberto Garc\u00eda de 63 a\u00f1os en cl\u00ednica privadaH\u00e9ctor Vonutti de 70 a\u00f1os en cl\u00ednica privadaRub\u00e9n Orlando Romero de 77 a\u00f1os en Hospital [&hellip;]<\/p>\n","protected":false},"author":4,"featured_media":86026,"comment_status":"open","ping_status":"closed","sticky":false,"template":"","format":"standard","meta":{"om_disable_all_campaigns":false,"_jetpack_memberships_contains_paid_content":false,"footnotes":""},"categories":[50,101,2],"tags":[],"class_list":["post-93807","post","type-post","status-publish","format-standard","has-post-thumbnail","hentry","category-destacadas","category-interes-general-locales","category-locales"],"aioseo_notices":[],"gutentor_comment":0,"jetpack_featured_media_url":"https:\/\/eldiariodesanpedro.com.ar\/sitio\/wp-content\/uploads\/2021\/01\/coronavirus-los-numeros-la-nochebuena-y-navidad_658x400.jpg","jetpack_shortlink":"https:\/\/wp.me\/p6RhLt-op1","jetpack_sharing_enabled":true,"_links":{"self":[{"href":"https:\/\/eldiariodesanpedro.com.ar\/sitio\/wp-json\/wp\/v2\/posts\/93807","targetHints":{"allow":["GET"]}}],"collection":[{"href":"https:\/\/eldiariodesanpedro.com.ar\/sitio\/wp-json\/wp\/v2\/posts"}],"about":[{"href":"https:\/\/eldiariodesanpedro.com.ar\/sitio\/wp-json\/wp\/v2\/types\/post"}],"author":[{"embeddable":true,"href":"https:\/\/eldiariodesanpedro.com.ar\/sitio\/wp-json\/wp\/v2\/users\/4"}],"replies":[{"embeddable":true,"href":"https:\/\/eldiariodesanpedro.com.ar\/sitio\/wp-json\/wp\/v2\/comments?post=93807"}],"version-history":[{"count":1,"href":"https:\/\/eldiariodesanpedro.com.ar\/sitio\/wp-json\/wp\/v2\/posts\/93807\/revisions"}],"predecessor-version":[{"id":93808,"href":"https:\/\/eldiariodesanpedro.com.ar\/sitio\/wp-json\/wp\/v2\/posts\/93807\/revisions\/93808"}],"wp:featuredmedia":[{"embeddable":true,"href":"https:\/\/eldiariodesanpedro.com.ar\/sitio\/wp-json\/wp\/v2\/media\/86026"}],"wp:attachment":[{"href":"https:\/\/eldiariodesanpedro.com.ar\/sitio\/wp-json\/wp\/v2\/media?parent=93807"}],"wp:term":[{"taxonomy":"category","embeddable":true,"href":"https:\/\/eldiariodesanpedro.com.ar\/sitio\/wp-json\/wp\/v2\/categories?post=93807"},{"taxonomy":"post_tag","embeddable":true,"href":"https:\/\/eldiariodesanpedro.com.ar\/sitio\/wp-json\/wp\/v2\/tags?post=93807"}],"curies":[{"name":"wp","href":"https:\/\/api.w.org\/{rel}","templated":true}]}}