{"id":93799,"date":"2021-06-06T21:32:59","date_gmt":"2021-06-07T00:32:59","guid":{"rendered":"https:\/\/eldiariodesanpedro.com.ar\/sitio\/?p=93799"},"modified":"2021-06-06T21:33:03","modified_gmt":"2021-06-07T00:33:03","slug":"indignacion-social-un-grupo-de-personas-realizaron-una-fiesta-clandestina-vestidos-con-mamelucos","status":"publish","type":"post","link":"https:\/\/eldiariodesanpedro.com.ar\/sitio\/indignacion-social-un-grupo-de-personas-realizaron-una-fiesta-clandestina-vestidos-con-mamelucos\/","title":{"rendered":"Indignaci\u00f3n Social: Un grupo de personas realizaron una fiesta clandestina vestidos con mamelucos"},"content":{"rendered":"<!-- VideographyWP Plugin Message: Automatic video embedding prevented by plugin options. -->\n\n<p>En la jornada de hoy en toda la ciudad se difundi\u00f3 la noticia de un grupo de j\u00f3venes que realizaron una fiesta clandestina en horas de la madrugada de este domingo donde sus participantes estaba vestidos con una protecci\u00f3n de mameluco y barbijo similar a la que utiliza el personal de salud que se encuentra en la primera linea de batalla.<\/p>\n\n\n\n<p>Las im\u00e1genes causaron estupor en toda la sociedad de San Pedro y alrededores cuando se dieron conocer las fotos, que muy inocentemente las mismas personas subieron a la red Instagram, y fueron tomadas como una burla a todo el personal de salud que se encuentra trabajando todos los d\u00edas contra de esta pandemia.<\/p>\n\n\n\n<p>A pesar que la persona que subi\u00f3 los estados en la red social Instagram hubo personas que lograron realizar capturas de videos y fotos, y es por esto que a trav\u00e9s de las redes sociales se publicaron duras criticas a estas personas que no son precisamente j\u00f3venes menores de edad y la mayor\u00eda de ellos ya fueron identificados.<\/p>\n\n\n\n<p>Seg\u00fan se pudo determinar se encontraban festejando el cumplea\u00f1os de un empleado de una estaci\u00f3n de servicios, y varios de sus concurrentes tambi\u00e9n serian empleados de  la empresa de combustibles mas importante de la Argentina.<\/p>\n","protected":false},"excerpt":{"rendered":"<p>En la jornada de hoy en toda la ciudad se difundi\u00f3 la noticia de un grupo de j\u00f3venes que realizaron una fiesta clandestina en horas de la madrugada de este domingo donde sus participantes estaba vestidos con una protecci\u00f3n de mameluco y barbijo similar a la que utiliza el personal de salud que se encuentra [&hellip;]<\/p>\n","protected":false},"author":4,"featured_media":93800,"comment_status":"open","ping_status":"closed","sticky":false,"template":"","format":"standard","meta":{"om_disable_all_campaigns":false,"_jetpack_memberships_contains_paid_content":false,"footnotes":""},"categories":[50,101,2],"tags":[],"class_list":["post-93799","post","type-post","status-publish","format-standard","has-post-thumbnail","hentry","category-destacadas","category-interes-general-locales","category-locales"],"aioseo_notices":[],"gutentor_comment":0,"jetpack_featured_media_url":"https:\/\/eldiariodesanpedro.com.ar\/sitio\/wp-content\/uploads\/2021\/06\/Sin-titulo-1-2.jpg","jetpack_shortlink":"https:\/\/wp.me\/p6RhLt-ooT","jetpack_sharing_enabled":true,"_links":{"self":[{"href":"https:\/\/eldiariodesanpedro.com.ar\/sitio\/wp-json\/wp\/v2\/posts\/93799","targetHints":{"allow":["GET"]}}],"collection":[{"href":"https:\/\/eldiariodesanpedro.com.ar\/sitio\/wp-json\/wp\/v2\/posts"}],"about":[{"href":"https:\/\/eldiariodesanpedro.com.ar\/sitio\/wp-json\/wp\/v2\/types\/post"}],"author":[{"embeddable":true,"href":"https:\/\/eldiariodesanpedro.com.ar\/sitio\/wp-json\/wp\/v2\/users\/4"}],"replies":[{"embeddable":true,"href":"https:\/\/eldiariodesanpedro.com.ar\/sitio\/wp-json\/wp\/v2\/comments?post=93799"}],"version-history":[{"count":1,"href":"https:\/\/eldiariodesanpedro.com.ar\/sitio\/wp-json\/wp\/v2\/posts\/93799\/revisions"}],"predecessor-version":[{"id":93801,"href":"https:\/\/eldiariodesanpedro.com.ar\/sitio\/wp-json\/wp\/v2\/posts\/93799\/revisions\/93801"}],"wp:featuredmedia":[{"embeddable":true,"href":"https:\/\/eldiariodesanpedro.com.ar\/sitio\/wp-json\/wp\/v2\/media\/93800"}],"wp:attachment":[{"href":"https:\/\/eldiariodesanpedro.com.ar\/sitio\/wp-json\/wp\/v2\/media?parent=93799"}],"wp:term":[{"taxonomy":"category","embeddable":true,"href":"https:\/\/eldiariodesanpedro.com.ar\/sitio\/wp-json\/wp\/v2\/categories?post=93799"},{"taxonomy":"post_tag","embeddable":true,"href":"https:\/\/eldiariodesanpedro.com.ar\/sitio\/wp-json\/wp\/v2\/tags?post=93799"}],"curies":[{"name":"wp","href":"https:\/\/api.w.org\/{rel}","templated":true}]}}