{"id":93797,"date":"2021-06-06T15:31:49","date_gmt":"2021-06-06T18:31:49","guid":{"rendered":"https:\/\/eldiariodesanpedro.com.ar\/sitio\/?p=93797"},"modified":"2021-06-06T15:31:53","modified_gmt":"2021-06-06T18:31:53","slug":"se-envio-miles-de-turnos-para-vacunarse","status":"publish","type":"post","link":"https:\/\/eldiariodesanpedro.com.ar\/sitio\/se-envio-miles-de-turnos-para-vacunarse\/","title":{"rendered":"Se envi\u00f3 miles de turnos para vacunarse"},"content":{"rendered":"<!-- VideographyWP Plugin Message: Automatic video embedding prevented by plugin options. -->\n\n<p>Tal como suele hacer, la provincia de Buenos Aires volvi\u00f3 a mandar miles de turnos al mismo tiempo para vacunarse contra el coronavirus. En total, fueron enviados 410.947 y desde el gobierno provincial pidieron a los inscriptos fijarse ya sea en la aplicaci\u00f3n o bien en el mail o en el celular. Vale recordar que aquellos mayores de 70 a\u00f1os que deseen vacunarse pueden acercarse sin turno previo y se le otorgar\u00e1 la primer dosis.<\/p>\n\n\n\n<p>A trav\u00e9s de las redes sociales, Axel Kicillof redact\u00f3: \u00abRevis\u00e1 tu email o la aplicaci\u00f3n VacunatePBA, porque se est\u00e1n enviando turnos de vacunaci\u00f3n contra el Covid-19\u00bb. Por otro lado, desde el Ministerio de Salud bonaerense aclararon que estos turnos \u00abse agregan al mill\u00f3n enviado esta semana\u00bb. \u00abCon este env\u00edo llegamos a los 1.800.000 turnos dados desde el 29 de Mayo\u00bb, mencion\u00f3 el viceministro de Salud Nicol\u00e1s Kreplak.<\/p>\n\n\n\n<p>A la provincia de Buenos Aires ya fueron entregadas 6.693.670 vacunas. De ese n\u00famero, ya fueron aplicadas 5.239.700 dosis. 4.205.930 personas recibieron la primer dosis por ahora mientras que 1.033.770 ya completaron el esquema establecido de dos dosis. Dada la cantidad de poblaci\u00f3n es la provincia que m\u00e1s recibi\u00f3 y aplic\u00f3 hasta el momento.<\/p>\n\n\n\n<p>Por otro lado, en el d\u00eda de hoy se anunci\u00f3 que comenz\u00f3 la vacunaci\u00f3n para mayores de 70 a\u00f1os sin necesidad de que saquen turno previo, es decir, aquellos interesados y que a\u00fan no recibieron su primer dosis, se pueden acercar a un centro vacunatorio con el DNI y recibir\u00e1n la primer aplicaci\u00f3n. En cuesti\u00f3n de 24hs ya 830 bonaerenses fueron vacunados.<\/p>\n\n\n\n<p>En todo el pa\u00eds ya se aplicaron 13.984.755 vacunas de las 17.585.490 distribuidas a todas las provincias. 10.970.220 personas recibieron \u00fanicamente la primer dosis, mientras que ya se superaron las 3 millones de personas con el esquema completo. En detalle, son 3.014.535 las personas que cuentan con las dos dosis que se necesitan.<\/p>\n","protected":false},"excerpt":{"rendered":"<p>Tal como suele hacer, la provincia de Buenos Aires volvi\u00f3 a mandar miles de turnos al mismo tiempo para vacunarse contra el coronavirus. En total, fueron enviados 410.947 y desde el gobierno provincial pidieron a los inscriptos fijarse ya sea en la aplicaci\u00f3n o bien en el mail o en el celular. Vale recordar que [&hellip;]<\/p>\n","protected":false},"author":4,"featured_media":93712,"comment_status":"open","ping_status":"closed","sticky":false,"template":"","format":"standard","meta":{"om_disable_all_campaigns":false,"_jetpack_memberships_contains_paid_content":false,"footnotes":""},"categories":[621],"tags":[],"class_list":["post-93797","post","type-post","status-publish","format-standard","has-post-thumbnail","hentry","category-regionales"],"aioseo_notices":[],"gutentor_comment":0,"jetpack_featured_media_url":"https:\/\/eldiariodesanpedro.com.ar\/sitio\/wp-content\/uploads\/2021\/06\/vacuna-covid-adulta-mayor.jpg","jetpack_shortlink":"https:\/\/wp.me\/p6RhLt-ooR","jetpack_sharing_enabled":true,"_links":{"self":[{"href":"https:\/\/eldiariodesanpedro.com.ar\/sitio\/wp-json\/wp\/v2\/posts\/93797","targetHints":{"allow":["GET"]}}],"collection":[{"href":"https:\/\/eldiariodesanpedro.com.ar\/sitio\/wp-json\/wp\/v2\/posts"}],"about":[{"href":"https:\/\/eldiariodesanpedro.com.ar\/sitio\/wp-json\/wp\/v2\/types\/post"}],"author":[{"embeddable":true,"href":"https:\/\/eldiariodesanpedro.com.ar\/sitio\/wp-json\/wp\/v2\/users\/4"}],"replies":[{"embeddable":true,"href":"https:\/\/eldiariodesanpedro.com.ar\/sitio\/wp-json\/wp\/v2\/comments?post=93797"}],"version-history":[{"count":1,"href":"https:\/\/eldiariodesanpedro.com.ar\/sitio\/wp-json\/wp\/v2\/posts\/93797\/revisions"}],"predecessor-version":[{"id":93798,"href":"https:\/\/eldiariodesanpedro.com.ar\/sitio\/wp-json\/wp\/v2\/posts\/93797\/revisions\/93798"}],"wp:featuredmedia":[{"embeddable":true,"href":"https:\/\/eldiariodesanpedro.com.ar\/sitio\/wp-json\/wp\/v2\/media\/93712"}],"wp:attachment":[{"href":"https:\/\/eldiariodesanpedro.com.ar\/sitio\/wp-json\/wp\/v2\/media?parent=93797"}],"wp:term":[{"taxonomy":"category","embeddable":true,"href":"https:\/\/eldiariodesanpedro.com.ar\/sitio\/wp-json\/wp\/v2\/categories?post=93797"},{"taxonomy":"post_tag","embeddable":true,"href":"https:\/\/eldiariodesanpedro.com.ar\/sitio\/wp-json\/wp\/v2\/tags?post=93797"}],"curies":[{"name":"wp","href":"https:\/\/api.w.org\/{rel}","templated":true}]}}