{"id":93788,"date":"2021-06-06T15:20:03","date_gmt":"2021-06-06T18:20:03","guid":{"rendered":"https:\/\/eldiariodesanpedro.com.ar\/sitio\/?p=93788"},"modified":"2021-06-06T15:20:08","modified_gmt":"2021-06-06T18:20:08","slug":"principio-de-incendio-en-un-automovil-2","status":"publish","type":"post","link":"https:\/\/eldiariodesanpedro.com.ar\/sitio\/principio-de-incendio-en-un-automovil-2\/","title":{"rendered":"Principio de incendio en un autom\u00f3vil"},"content":{"rendered":"<!-- VideographyWP Plugin Message: Automatic video embedding prevented by plugin options. -->\n\n<p>El hecho ocurri\u00f3 pasado el mediod\u00eda de domingo cuando un autom\u00f3vil que aparentemente sufri\u00f3 un desperfecto el\u00e9ctrico en el motor cuando venia circulando tuvo un principio de incendio.<\/p>\n\n\n\n<p>El siniestro tuvo lugar alrededor de las 13 hs en la intersecci\u00f3n de las calle R\u00f3mulo Nahon y Av. 3 de Febrero donde alertados por un llamado telef\u00f3nico se hace presente una dotaci\u00f3n de bomberos, en donde encuentran un autom\u00f3vil Renault que afortunadamente ya hab\u00eda sido extinguido el fuego con un matafuegos, de cualquier manera se realizaron tareas por parte de los voluntarios para cerciorarse que no contin\u00fae el fuego.<\/p>\n\n\n\n<p>Afortunadamente no hubo heridos y las perdidas fueron menores.<\/p>\n\n\n\n<p> <\/p>\n","protected":false},"excerpt":{"rendered":"<p>El hecho ocurri\u00f3 pasado el mediod\u00eda de domingo cuando un autom\u00f3vil que aparentemente sufri\u00f3 un desperfecto el\u00e9ctrico en el motor cuando venia circulando tuvo un principio de incendio. El siniestro tuvo lugar alrededor de las 13 hs en la intersecci\u00f3n de las calle R\u00f3mulo Nahon y Av. 3 de Febrero donde alertados por un llamado [&hellip;]<\/p>\n","protected":false},"author":4,"featured_media":93793,"comment_status":"open","ping_status":"closed","sticky":false,"template":"","format":"standard","meta":{"om_disable_all_campaigns":false,"_jetpack_memberships_contains_paid_content":false,"footnotes":""},"categories":[2,103],"tags":[],"class_list":["post-93788","post","type-post","status-publish","format-standard","has-post-thumbnail","hentry","category-locales","category-policiales-locales"],"aioseo_notices":[],"gutentor_comment":0,"jetpack_featured_media_url":"https:\/\/eldiariodesanpedro.com.ar\/sitio\/wp-content\/uploads\/2021\/06\/WhatsApp-Image-2021-06-06-at-15.08.16.jpeg","jetpack_shortlink":"https:\/\/wp.me\/p6RhLt-ooI","jetpack_sharing_enabled":true,"_links":{"self":[{"href":"https:\/\/eldiariodesanpedro.com.ar\/sitio\/wp-json\/wp\/v2\/posts\/93788","targetHints":{"allow":["GET"]}}],"collection":[{"href":"https:\/\/eldiariodesanpedro.com.ar\/sitio\/wp-json\/wp\/v2\/posts"}],"about":[{"href":"https:\/\/eldiariodesanpedro.com.ar\/sitio\/wp-json\/wp\/v2\/types\/post"}],"author":[{"embeddable":true,"href":"https:\/\/eldiariodesanpedro.com.ar\/sitio\/wp-json\/wp\/v2\/users\/4"}],"replies":[{"embeddable":true,"href":"https:\/\/eldiariodesanpedro.com.ar\/sitio\/wp-json\/wp\/v2\/comments?post=93788"}],"version-history":[{"count":1,"href":"https:\/\/eldiariodesanpedro.com.ar\/sitio\/wp-json\/wp\/v2\/posts\/93788\/revisions"}],"predecessor-version":[{"id":93794,"href":"https:\/\/eldiariodesanpedro.com.ar\/sitio\/wp-json\/wp\/v2\/posts\/93788\/revisions\/93794"}],"wp:featuredmedia":[{"embeddable":true,"href":"https:\/\/eldiariodesanpedro.com.ar\/sitio\/wp-json\/wp\/v2\/media\/93793"}],"wp:attachment":[{"href":"https:\/\/eldiariodesanpedro.com.ar\/sitio\/wp-json\/wp\/v2\/media?parent=93788"}],"wp:term":[{"taxonomy":"category","embeddable":true,"href":"https:\/\/eldiariodesanpedro.com.ar\/sitio\/wp-json\/wp\/v2\/categories?post=93788"},{"taxonomy":"post_tag","embeddable":true,"href":"https:\/\/eldiariodesanpedro.com.ar\/sitio\/wp-json\/wp\/v2\/tags?post=93788"}],"curies":[{"name":"wp","href":"https:\/\/api.w.org\/{rel}","templated":true}]}}