{"id":93768,"date":"2021-06-05T12:28:29","date_gmt":"2021-06-05T15:28:29","guid":{"rendered":"https:\/\/eldiariodesanpedro.com.ar\/sitio\/?p=93768"},"modified":"2021-06-05T12:28:33","modified_gmt":"2021-06-05T15:28:33","slug":"san-nicolas-detienen-a-un-narcotraficante-mayorista","status":"publish","type":"post","link":"https:\/\/eldiariodesanpedro.com.ar\/sitio\/san-nicolas-detienen-a-un-narcotraficante-mayorista\/","title":{"rendered":"SAN NICOL\u00c1S | Detienen a un narcotraficante mayorista"},"content":{"rendered":"<!-- VideographyWP Plugin Message: Automatic video embedding prevented by plugin options. -->\n\n<p><strong>En el marco de una investigaci\u00f3n penal, este viernes 4 de junio, se efectivizaron \u00f3rdenes allanamiento en diferentes domicilio del Barrio, donde se secuestr\u00f3 m\u00e1s de un kilo de marihuana compactada y medio kilo de coca\u00edna compactada en estado puro, sin aditamentos para estirarla.<\/strong><\/p>\n\n\n\n<p><strong>Desde varias semanas atr\u00e1s, los grupos de investigaciones del tr\u00e1fico de drogas de la polic\u00eda de la provincia, se encontraban efectuando tareas de investigaci\u00f3n en dos domicilios, que un hombre, utilizaba para ocultar, como para vender estupefacientes.<\/strong><\/p>\n\n\n\n<p>En un inmueble, tipo cochera, se ocultaba un veh\u00edculo y una moto de alta cilindrada, mediante los cuales distribu\u00eda drogas bajo la modalidad delivery en nuestra ciudad. En otro domicilio era su residencia particular, ambos ubicados sobre calle Saenz entre Las Heras y Alvear.<\/p>\n\n\n\n<p>Adem\u00e1s en el curso de la investigaci\u00f3n se logr\u00f3 establecer que la drogas que \u00e9l comercializaba, le eran prove\u00eddas por sujetos oriundos de la ciudad de Rosario, quienes llegaban al&nbsp;<strong>Barrio Los Pinos&nbsp;<\/strong>en diferentes autos particulares y a veces hasta simulando ser familias para eludir controles y el accionar policial local.<\/p>\n\n\n\n<p>Tambi\u00e9n se comprob\u00f3 que el sujeto, se val\u00eda de j\u00f3venes del barrio, quienes oficiaban de<strong>\u00a0\u201csoldaditos\u201d<\/strong>\u00a0para alertar la posible presencia policial de personal vestido de civil en tareas de observaci\u00f3n encubiertas, como asimismo, daban protecci\u00f3n al \u201cTransa\u201d frente a posibles \u201cmejicaneadas\u201d de otros vendedores minoristas de drogas, o evitar el robo por parte de los delincuentes denominados \u201crastreros\u201d a los compradores de coca\u00edna que llegaban de otros barrios y as\u00ed brindarles a estos, seguridad en la entrada y salida de la zona.<\/p>\n\n\n\n<p>Fuente: Diario El Norte<\/p>\n","protected":false},"excerpt":{"rendered":"<p>En el marco de una investigaci\u00f3n penal, este viernes 4 de junio, se efectivizaron \u00f3rdenes allanamiento en diferentes domicilio del Barrio, donde se secuestr\u00f3 m\u00e1s de un kilo de marihuana compactada y medio kilo de coca\u00edna compactada en estado puro, sin aditamentos para estirarla. Desde varias semanas atr\u00e1s, los grupos de investigaciones del tr\u00e1fico de [&hellip;]<\/p>\n","protected":false},"author":4,"featured_media":93769,"comment_status":"open","ping_status":"closed","sticky":false,"template":"","format":"standard","meta":{"om_disable_all_campaigns":false,"_jetpack_memberships_contains_paid_content":false,"footnotes":""},"categories":[621],"tags":[],"class_list":["post-93768","post","type-post","status-publish","format-standard","has-post-thumbnail","hentry","category-regionales"],"aioseo_notices":[],"gutentor_comment":0,"jetpack_featured_media_url":"https:\/\/eldiariodesanpedro.com.ar\/sitio\/wp-content\/uploads\/2021\/06\/WhatsApp-Image-2021-06-05-at-00.39.29-1024x768-1.jpeg","jetpack_shortlink":"https:\/\/wp.me\/p6RhLt-ooo","jetpack_sharing_enabled":true,"_links":{"self":[{"href":"https:\/\/eldiariodesanpedro.com.ar\/sitio\/wp-json\/wp\/v2\/posts\/93768","targetHints":{"allow":["GET"]}}],"collection":[{"href":"https:\/\/eldiariodesanpedro.com.ar\/sitio\/wp-json\/wp\/v2\/posts"}],"about":[{"href":"https:\/\/eldiariodesanpedro.com.ar\/sitio\/wp-json\/wp\/v2\/types\/post"}],"author":[{"embeddable":true,"href":"https:\/\/eldiariodesanpedro.com.ar\/sitio\/wp-json\/wp\/v2\/users\/4"}],"replies":[{"embeddable":true,"href":"https:\/\/eldiariodesanpedro.com.ar\/sitio\/wp-json\/wp\/v2\/comments?post=93768"}],"version-history":[{"count":1,"href":"https:\/\/eldiariodesanpedro.com.ar\/sitio\/wp-json\/wp\/v2\/posts\/93768\/revisions"}],"predecessor-version":[{"id":93770,"href":"https:\/\/eldiariodesanpedro.com.ar\/sitio\/wp-json\/wp\/v2\/posts\/93768\/revisions\/93770"}],"wp:featuredmedia":[{"embeddable":true,"href":"https:\/\/eldiariodesanpedro.com.ar\/sitio\/wp-json\/wp\/v2\/media\/93769"}],"wp:attachment":[{"href":"https:\/\/eldiariodesanpedro.com.ar\/sitio\/wp-json\/wp\/v2\/media?parent=93768"}],"wp:term":[{"taxonomy":"category","embeddable":true,"href":"https:\/\/eldiariodesanpedro.com.ar\/sitio\/wp-json\/wp\/v2\/categories?post=93768"},{"taxonomy":"post_tag","embeddable":true,"href":"https:\/\/eldiariodesanpedro.com.ar\/sitio\/wp-json\/wp\/v2\/tags?post=93768"}],"curies":[{"name":"wp","href":"https:\/\/api.w.org\/{rel}","templated":true}]}}