{"id":93765,"date":"2021-06-05T12:22:58","date_gmt":"2021-06-05T15:22:58","guid":{"rendered":"https:\/\/eldiariodesanpedro.com.ar\/sitio\/?p=93765"},"modified":"2021-06-05T12:23:04","modified_gmt":"2021-06-05T15:23:04","slug":"campana-murieron-dos-personas-en-un-accidente-en-ruta-9","status":"publish","type":"post","link":"https:\/\/eldiariodesanpedro.com.ar\/sitio\/campana-murieron-dos-personas-en-un-accidente-en-ruta-9\/","title":{"rendered":"CAMPANA | Murieron dos personas en un accidente en Ruta 9"},"content":{"rendered":"<!-- VideographyWP Plugin Message: Automatic video embedding prevented by plugin options. -->\n\n<p><strong>Dos personas murieron y otra result\u00f3 herida esta ma\u00f1ana cuando dos veh\u00edculos se salieron de la autov\u00eda y chocaron contra el guardarrail y una columna en el cantero central de la autopista Panamericana, a la altura del partido de Campana, informaron fuentes de seguridad de Corredores Viales.<\/strong><\/p>\n\n\n\n<p>El accidente ocurri\u00f3 pasadas las 9 en el kil\u00f3metro74 de la ruta 9, a la altura de Campana, donde un Chevrolet Corsa y una camioneta Renault Master salieron de la ruta y se incrustaron contra el guardarrail y una columna.<\/p>\n\n\n\n<p>Como consecuencia de la colisi\u00f3n, los ocupantes del veh\u00edculo utilitario que dio de frente contra la columna de un puente peatonal, murieron en el acto; mientras que el conductor del autom\u00f3vil particular, que golpe\u00f3 contra el guardarrail, sufri\u00f3 heridas y tuvo que ser trasladado a un hospital de la zona.<\/p>\n\n\n\n<p>Las v\u00edctimas fueron identificadas como Mat\u00edas Escobar (de 33 a\u00f1os) y Neris Roja (de 57 a\u00f1os), domiciliados en Ciudadela y Florencio Varela, respectivamente. Ambos eran distribuidores de la empresa Caf\u00e9 M\u00e1rtinez y se dispon\u00edan a entregar un pedido a la ciudad de Campana.<\/p>\n\n\n\n<p>Intervino en el hecho la UFI en turno del Departamento Judicial de Campana, que investiga el hecho; y personal de la autopista y de la polic\u00eda vial de Z\u00e1rate, que realizan tareas de peritajes, por lo que un carril permanece cerrado al tr\u00e1nsito.<\/p>\n\n\n\n<p>Funete: I<a href=\"https:\/\/impactolocal.com.ar\/2021\/06\/04\/identificaron-a-las-personas-que-murieron-en-el-violento-accidente-de-la-ruta-n-9\/\">mpacto Local<\/a><\/p>\n","protected":false},"excerpt":{"rendered":"<p>Dos personas murieron y otra result\u00f3 herida esta ma\u00f1ana cuando dos veh\u00edculos se salieron de la autov\u00eda y chocaron contra el guardarrail y una columna en el cantero central de la autopista Panamericana, a la altura del partido de Campana, informaron fuentes de seguridad de Corredores Viales. El accidente ocurri\u00f3 pasadas las 9 en el [&hellip;]<\/p>\n","protected":false},"author":4,"featured_media":93766,"comment_status":"open","ping_status":"closed","sticky":false,"template":"","format":"standard","meta":{"om_disable_all_campaigns":false,"_jetpack_memberships_contains_paid_content":false,"footnotes":""},"categories":[621],"tags":[],"class_list":["post-93765","post","type-post","status-publish","format-standard","has-post-thumbnail","hentry","category-regionales"],"aioseo_notices":[],"gutentor_comment":0,"jetpack_featured_media_url":"https:\/\/eldiariodesanpedro.com.ar\/sitio\/wp-content\/uploads\/2021\/06\/E3CN8LUXIAACQYE.jpg","jetpack_shortlink":"https:\/\/wp.me\/p6RhLt-ool","jetpack_sharing_enabled":true,"_links":{"self":[{"href":"https:\/\/eldiariodesanpedro.com.ar\/sitio\/wp-json\/wp\/v2\/posts\/93765","targetHints":{"allow":["GET"]}}],"collection":[{"href":"https:\/\/eldiariodesanpedro.com.ar\/sitio\/wp-json\/wp\/v2\/posts"}],"about":[{"href":"https:\/\/eldiariodesanpedro.com.ar\/sitio\/wp-json\/wp\/v2\/types\/post"}],"author":[{"embeddable":true,"href":"https:\/\/eldiariodesanpedro.com.ar\/sitio\/wp-json\/wp\/v2\/users\/4"}],"replies":[{"embeddable":true,"href":"https:\/\/eldiariodesanpedro.com.ar\/sitio\/wp-json\/wp\/v2\/comments?post=93765"}],"version-history":[{"count":1,"href":"https:\/\/eldiariodesanpedro.com.ar\/sitio\/wp-json\/wp\/v2\/posts\/93765\/revisions"}],"predecessor-version":[{"id":93767,"href":"https:\/\/eldiariodesanpedro.com.ar\/sitio\/wp-json\/wp\/v2\/posts\/93765\/revisions\/93767"}],"wp:featuredmedia":[{"embeddable":true,"href":"https:\/\/eldiariodesanpedro.com.ar\/sitio\/wp-json\/wp\/v2\/media\/93766"}],"wp:attachment":[{"href":"https:\/\/eldiariodesanpedro.com.ar\/sitio\/wp-json\/wp\/v2\/media?parent=93765"}],"wp:term":[{"taxonomy":"category","embeddable":true,"href":"https:\/\/eldiariodesanpedro.com.ar\/sitio\/wp-json\/wp\/v2\/categories?post=93765"},{"taxonomy":"post_tag","embeddable":true,"href":"https:\/\/eldiariodesanpedro.com.ar\/sitio\/wp-json\/wp\/v2\/tags?post=93765"}],"curies":[{"name":"wp","href":"https:\/\/api.w.org\/{rel}","templated":true}]}}