{"id":93758,"date":"2021-06-05T12:16:27","date_gmt":"2021-06-05T15:16:27","guid":{"rendered":"https:\/\/eldiariodesanpedro.com.ar\/sitio\/?p=93758"},"modified":"2021-06-05T12:16:32","modified_gmt":"2021-06-05T15:16:32","slug":"telefonia-internet-y-television-por-cable-suben-un-3-en-junio-y-un-5-en-julio","status":"publish","type":"post","link":"https:\/\/eldiariodesanpedro.com.ar\/sitio\/telefonia-internet-y-television-por-cable-suben-un-3-en-junio-y-un-5-en-julio\/","title":{"rendered":"Telefon\u00eda, Internet y televisi\u00f3n por cable suben un 3% en junio y un 5% en julio"},"content":{"rendered":"<!-- VideographyWP Plugin Message: Automatic video embedding prevented by plugin options. -->\n\n<p>As\u00ed&nbsp;<strong>lo confirm\u00f3 el Ente Nacional de Comunicaciones (ENACOM)<\/strong>, que indic\u00f3 asimismo que deber\u00e1n retrotraerse los aumentos unilaterales que tuvieron lugar en mayo y junio.<\/p>\n\n\n\n<p>Adem\u00e1s,&nbsp;<strong>se estipula para el 1 de diciembre de 2021 una nueva revisi\u00f3n, por lo que los precios de los servicios de julio estar\u00e1n vigentes hasta el 30 de noviembre.<\/strong><\/p>\n\n\n\n<p>Desde el organismo, detallaron que para<strong>&nbsp;los servicios de telefon\u00eda m\u00f3vil,<\/strong>&nbsp;los aumentos autorizados -desde el 1 de enero hasta el 30 de noviembre de este a\u00f1o- no podr\u00e1n ser superiores al 23%.<\/p>\n\n\n\n<p>La demanda de energ\u00eda cay\u00f3 en abril frente a marzo, pero creci\u00f3 en comparaci\u00f3n con el inicio de la cuarentena.<\/p>\n\n\n\n<p>En tanto, a partir de la revisi\u00f3n de diciembre de 2021, se elaborar\u00e1 una f\u00f3rmula orientativa \u201cque contemplar\u00e1 precio justo, equitativo y razonable, que nunca podr\u00e1 ser superior a las subas salariales y deber\u00e1 encontrarse por debajo de las mismas\u201d. \u00danicamente se autorizar\u00e1n incrementos en los valores de los meses de abril, agosto y diciembre de cada a\u00f1o.<\/p>\n\n\n\n<p><strong>El ENACOM ratific\u00f3 que, seg\u00fan lo establecido en el Decreto de Necesidad y Urgencia (DNU) 690\/20, que declar\u00f3 a las TIC como servicio p\u00fablico, cualquier modificaci\u00f3n de los precios deber\u00e1 contar con su aprobaci\u00f3n previa.<\/strong><\/p>\n\n\n\n<p>Respecto a los aumentos que se hayan dado de manera unilateral, el organismo explic\u00f3 que en abril de este a\u00f1o se notific\u00f3 a las empresas prestadoras que no se hab\u00edan autorizado incrementos para los meses de mayo y junio de 2021, por lo tanto, cualquier aumento dispuesto deber\u00e1 ser refacturado en julio, con devoluci\u00f3n de los importes m\u00e1s el inter\u00e9s punitorio correspondiente, y sin posibilidad de corte de los servicios.<\/p>\n","protected":false},"excerpt":{"rendered":"<p>As\u00ed&nbsp;lo confirm\u00f3 el Ente Nacional de Comunicaciones (ENACOM), que indic\u00f3 asimismo que deber\u00e1n retrotraerse los aumentos unilaterales que tuvieron lugar en mayo y junio. Adem\u00e1s,&nbsp;se estipula para el 1 de diciembre de 2021 una nueva revisi\u00f3n, por lo que los precios de los servicios de julio estar\u00e1n vigentes hasta el 30 de noviembre. Desde el [&hellip;]<\/p>\n","protected":false},"author":4,"featured_media":93759,"comment_status":"open","ping_status":"closed","sticky":false,"template":"","format":"standard","meta":{"om_disable_all_campaigns":false,"_jetpack_memberships_contains_paid_content":false,"footnotes":""},"categories":[621],"tags":[],"class_list":["post-93758","post","type-post","status-publish","format-standard","has-post-thumbnail","hentry","category-regionales"],"aioseo_notices":[],"gutentor_comment":0,"jetpack_featured_media_url":"https:\/\/eldiariodesanpedro.com.ar\/sitio\/wp-content\/uploads\/2021\/06\/fcfff1565c006995a5633acc6f0d40f3.jpg","jetpack_shortlink":"https:\/\/wp.me\/p6RhLt-ooe","jetpack_sharing_enabled":true,"_links":{"self":[{"href":"https:\/\/eldiariodesanpedro.com.ar\/sitio\/wp-json\/wp\/v2\/posts\/93758","targetHints":{"allow":["GET"]}}],"collection":[{"href":"https:\/\/eldiariodesanpedro.com.ar\/sitio\/wp-json\/wp\/v2\/posts"}],"about":[{"href":"https:\/\/eldiariodesanpedro.com.ar\/sitio\/wp-json\/wp\/v2\/types\/post"}],"author":[{"embeddable":true,"href":"https:\/\/eldiariodesanpedro.com.ar\/sitio\/wp-json\/wp\/v2\/users\/4"}],"replies":[{"embeddable":true,"href":"https:\/\/eldiariodesanpedro.com.ar\/sitio\/wp-json\/wp\/v2\/comments?post=93758"}],"version-history":[{"count":1,"href":"https:\/\/eldiariodesanpedro.com.ar\/sitio\/wp-json\/wp\/v2\/posts\/93758\/revisions"}],"predecessor-version":[{"id":93760,"href":"https:\/\/eldiariodesanpedro.com.ar\/sitio\/wp-json\/wp\/v2\/posts\/93758\/revisions\/93760"}],"wp:featuredmedia":[{"embeddable":true,"href":"https:\/\/eldiariodesanpedro.com.ar\/sitio\/wp-json\/wp\/v2\/media\/93759"}],"wp:attachment":[{"href":"https:\/\/eldiariodesanpedro.com.ar\/sitio\/wp-json\/wp\/v2\/media?parent=93758"}],"wp:term":[{"taxonomy":"category","embeddable":true,"href":"https:\/\/eldiariodesanpedro.com.ar\/sitio\/wp-json\/wp\/v2\/categories?post=93758"},{"taxonomy":"post_tag","embeddable":true,"href":"https:\/\/eldiariodesanpedro.com.ar\/sitio\/wp-json\/wp\/v2\/tags?post=93758"}],"curies":[{"name":"wp","href":"https:\/\/api.w.org\/{rel}","templated":true}]}}