{"id":93755,"date":"2021-06-05T12:12:56","date_gmt":"2021-06-05T15:12:56","guid":{"rendered":"https:\/\/eldiariodesanpedro.com.ar\/sitio\/?p=93755"},"modified":"2021-06-05T12:15:10","modified_gmt":"2021-06-05T15:15:10","slug":"arrecifes-la-localidad-cerca-de-vacunar-a-toda-la-poblacion-de-riesgo","status":"publish","type":"post","link":"https:\/\/eldiariodesanpedro.com.ar\/sitio\/arrecifes-la-localidad-cerca-de-vacunar-a-toda-la-poblacion-de-riesgo\/","title":{"rendered":"ARRECIFES | La localidad cerca de vacunar a toda la poblaci\u00f3n de riesgo"},"content":{"rendered":"<!-- VideographyWP Plugin Message: Automatic video embedding prevented by plugin options. -->\n\n<p>El gobernador Axel Kicillof inform\u00f3 este viernes que 52 municipios est\u00e1n pr\u00f3ximos a completar la inmunizaci\u00f3n en todos los inscriptos con condiciones de riesgo; es decir, a mayores de 60 a\u00f1os y a personas de 18 a 59 con comorbilidades, as\u00ed como tambi\u00e9n al personal de salud. Arrecifes es una de esas ciudade.<\/p>\n\n\n\n<p>\u201cEn 52 distritos terminamos de distribuir los turnos en todos los anotados con comorbilidades. Tenemos las vacunas disponibles para esos grupos\u201d, afirm\u00f3 Kicillof en conferencia de prensa en Casa de Gobierno.<\/p>\n\n\n\n<p>El listado difundido por el Ministerio de Salud bonaerense, adem\u00e1s de Arrecifes incluye a Adolfo Alsina, Alberti, Avellaneda, Benito Ju\u00e1rez, Berazategui, Berisso, Capit\u00e1n Sarmiento, Carlos Casares, Carlos Tejedor, Carmen de Areco, Castelli, Chascom\u00fas, Coronel Dorrego, Daireaux, Florentino Ameghino, General Alvear, General Arenales, General Lamadrid, General Las Heras, General Paz, General Pinto, General Rodr\u00edguez, General Viamonte, Hip\u00f3lito Irigoyen, Jun\u00edn, Laprida, Leandro N. Alem, Lezama, Lincoln, Magdalena, Marcos Paz, Monte y Navarro.<\/p>\n\n\n\n<p>As\u00ed como tambi\u00e9n a Nueve de Julio, Pehuaj\u00f3, Punta Indio, Rauch, Rivadavia, Rojas, Roque P\u00e9rez, Saladillo, Salliquil\u00f3, Salto, San Antonio de Areco, San Fernando, Suipacha, Tapalqu\u00e9, Tordillo, Trenque Lauquen y Tres Lomas.<\/p>\n\n\n\n<p>\u201cEntramos en una nueva fase del plan de vacunaci\u00f3n m\u00e1s grande de nuestra historia, que alcanz\u00f3 ayer un r\u00e9cord de 104.600 aplicaciones en un solo d\u00eda\u201d, expres\u00f3 Kicillof y concluy\u00f3: \u201cEstamos abocados a una campa\u00f1a de vacunaci\u00f3n que se basa en tres premisas: vacunar, vacunar y vacunar\u201d.<\/p>\n\n\n\n<p>En t\u00e9rminos generales, la Provincia lleva vacunados ya a 4.053.573 de bonaerenses con la primer dosis y a otros 1.035.572 con la segunda; a la vez que hoy se conoci\u00f3 la compra de otras 10 millones de vacunas a un laboratorio indio por para del Gobierno provincial, que se sumar\u00e1n a las dispuestas y distribuidas por Naci\u00f3n.<\/p>\n\n\n\n<p><strong>Tambi\u00e9n, desde hoy los mayores de 70 a\u00f1os pueden vacunarse sin turno, en forma inmediata, concurriendo a los vacunatorios de cada ciudad. En Arrecifes, al Microestadio Municipal.<\/strong><\/p>\n\n\n\n<p>Fuente: <a href=\"https:\/\/arrecifesnoticias.com\/politica\/arrecifes-cerca-de-vacunar-a-toda-la-poblacion-de-riesgo\/\">Arrecifes Noticias<\/a><a rel=\"noreferrer noopener\" href=\"https:\/\/www.facebook.com\/dialog\/send?app_id=140586622674265&amp;link=https%3A%2F%2Farrecifesnoticias.com%2Fpolitica%2Farrecifes-cerca-de-vacunar-a-toda-la-poblacion-de-riesgo%2F&amp;redirect_uri=https%3A%2F%2Farrecifesnoticias.com%2Fpolitica%2Farrecifes-cerca-de-vacunar-a-toda-la-poblacion-de-riesgo%2F\" target=\"_blank\"><\/a><\/p>\n","protected":false},"excerpt":{"rendered":"<p>El gobernador Axel Kicillof inform\u00f3 este viernes que 52 municipios est\u00e1n pr\u00f3ximos a completar la inmunizaci\u00f3n en todos los inscriptos con condiciones de riesgo; es decir, a mayores de 60 a\u00f1os y a personas de 18 a 59 con comorbilidades, as\u00ed como tambi\u00e9n al personal de salud. Arrecifes es una de esas ciudade. \u201cEn 52 [&hellip;]<\/p>\n","protected":false},"author":4,"featured_media":88144,"comment_status":"open","ping_status":"closed","sticky":false,"template":"","format":"standard","meta":{"om_disable_all_campaigns":false,"_jetpack_memberships_contains_paid_content":false,"footnotes":""},"categories":[621],"tags":[],"class_list":["post-93755","post","type-post","status-publish","format-standard","has-post-thumbnail","hentry","category-regionales"],"aioseo_notices":[],"gutentor_comment":0,"jetpack_featured_media_url":"https:\/\/eldiariodesanpedro.com.ar\/sitio\/wp-content\/uploads\/2021\/02\/20210224092702.jpeg","jetpack_shortlink":"https:\/\/wp.me\/p6RhLt-oob","jetpack_sharing_enabled":true,"_links":{"self":[{"href":"https:\/\/eldiariodesanpedro.com.ar\/sitio\/wp-json\/wp\/v2\/posts\/93755","targetHints":{"allow":["GET"]}}],"collection":[{"href":"https:\/\/eldiariodesanpedro.com.ar\/sitio\/wp-json\/wp\/v2\/posts"}],"about":[{"href":"https:\/\/eldiariodesanpedro.com.ar\/sitio\/wp-json\/wp\/v2\/types\/post"}],"author":[{"embeddable":true,"href":"https:\/\/eldiariodesanpedro.com.ar\/sitio\/wp-json\/wp\/v2\/users\/4"}],"replies":[{"embeddable":true,"href":"https:\/\/eldiariodesanpedro.com.ar\/sitio\/wp-json\/wp\/v2\/comments?post=93755"}],"version-history":[{"count":2,"href":"https:\/\/eldiariodesanpedro.com.ar\/sitio\/wp-json\/wp\/v2\/posts\/93755\/revisions"}],"predecessor-version":[{"id":93757,"href":"https:\/\/eldiariodesanpedro.com.ar\/sitio\/wp-json\/wp\/v2\/posts\/93755\/revisions\/93757"}],"wp:featuredmedia":[{"embeddable":true,"href":"https:\/\/eldiariodesanpedro.com.ar\/sitio\/wp-json\/wp\/v2\/media\/88144"}],"wp:attachment":[{"href":"https:\/\/eldiariodesanpedro.com.ar\/sitio\/wp-json\/wp\/v2\/media?parent=93755"}],"wp:term":[{"taxonomy":"category","embeddable":true,"href":"https:\/\/eldiariodesanpedro.com.ar\/sitio\/wp-json\/wp\/v2\/categories?post=93755"},{"taxonomy":"post_tag","embeddable":true,"href":"https:\/\/eldiariodesanpedro.com.ar\/sitio\/wp-json\/wp\/v2\/tags?post=93755"}],"curies":[{"name":"wp","href":"https:\/\/api.w.org\/{rel}","templated":true}]}}