{"id":93752,"date":"2021-06-05T12:09:45","date_gmt":"2021-06-05T15:09:45","guid":{"rendered":"https:\/\/eldiariodesanpedro.com.ar\/sitio\/?p=93752"},"modified":"2021-06-05T12:09:49","modified_gmt":"2021-06-05T15:09:49","slug":"dos-policia-fueron-detenidos-por-la-muerte-de-german-lopez-garcia","status":"publish","type":"post","link":"https:\/\/eldiariodesanpedro.com.ar\/sitio\/dos-policia-fueron-detenidos-por-la-muerte-de-german-lopez-garcia\/","title":{"rendered":"Dos polic\u00eda fueron detenidos por la muerte de German L\u00f3pez Garc\u00eda"},"content":{"rendered":"<!-- VideographyWP Plugin Message: Automatic video embedding prevented by plugin options. -->\n\n<p>Tras la muerte de German L\u00f3pez Garc\u00eda el pasado domingo en el nosocomio local tras estar en terapia intensiva desde el 2 de Mayo pasado cuando ocurri\u00f3 un confuso episodio en su domicilio donde fue golpeado por efectivos policiales.<\/p>\n\n\n\n<p>Teniendo en cuenta lo sucedido el pasado mi\u00e9rcoles la familia y amigos realizaron una marcha hacia la fiscal\u00eda, la municipalidad y la comisaria para pedir justicia teniendo en cuneta que la polic\u00eda fue la responsable de su muerte por una gran cantidad de golpes. <\/p>\n\n\n\n<p>La Fiscal\u00eda N\u00ba8 a cargo de Hern\u00e1n Granda de Baradero lleva a cargo la investigaci\u00f3n de la causa y determino a trav\u00e9s de la Prefectura Naval Argentina de nuestra ciudad la detenci\u00f3n de dos efectivos identificados como Rodrigo Vel\u00e1zquez y Emanuel Gonz\u00e1lez acusados de ser quienes mataron a L\u00f3pez Garc\u00eda.<\/p>\n\n\n\n<p>Los acusados estar\u00e1n detenidos mientras la investigaci\u00f3n continua.<\/p>\n","protected":false},"excerpt":{"rendered":"<p>Tras la muerte de German L\u00f3pez Garc\u00eda el pasado domingo en el nosocomio local tras estar en terapia intensiva desde el 2 de Mayo pasado cuando ocurri\u00f3 un confuso episodio en su domicilio donde fue golpeado por efectivos policiales. Teniendo en cuenta lo sucedido el pasado mi\u00e9rcoles la familia y amigos realizaron una marcha hacia [&hellip;]<\/p>\n","protected":false},"author":4,"featured_media":93753,"comment_status":"open","ping_status":"closed","sticky":false,"template":"","format":"standard","meta":{"om_disable_all_campaigns":false,"_jetpack_memberships_contains_paid_content":false,"footnotes":""},"categories":[50,2,103],"tags":[],"class_list":["post-93752","post","type-post","status-publish","format-standard","has-post-thumbnail","hentry","category-destacadas","category-locales","category-policiales-locales"],"aioseo_notices":[],"gutentor_comment":0,"jetpack_featured_media_url":"https:\/\/eldiariodesanpedro.com.ar\/sitio\/wp-content\/uploads\/2021\/06\/192725625_110440834575740_8143513542262925917_n.jpg","jetpack_shortlink":"https:\/\/wp.me\/p6RhLt-oo8","jetpack_sharing_enabled":true,"_links":{"self":[{"href":"https:\/\/eldiariodesanpedro.com.ar\/sitio\/wp-json\/wp\/v2\/posts\/93752","targetHints":{"allow":["GET"]}}],"collection":[{"href":"https:\/\/eldiariodesanpedro.com.ar\/sitio\/wp-json\/wp\/v2\/posts"}],"about":[{"href":"https:\/\/eldiariodesanpedro.com.ar\/sitio\/wp-json\/wp\/v2\/types\/post"}],"author":[{"embeddable":true,"href":"https:\/\/eldiariodesanpedro.com.ar\/sitio\/wp-json\/wp\/v2\/users\/4"}],"replies":[{"embeddable":true,"href":"https:\/\/eldiariodesanpedro.com.ar\/sitio\/wp-json\/wp\/v2\/comments?post=93752"}],"version-history":[{"count":1,"href":"https:\/\/eldiariodesanpedro.com.ar\/sitio\/wp-json\/wp\/v2\/posts\/93752\/revisions"}],"predecessor-version":[{"id":93754,"href":"https:\/\/eldiariodesanpedro.com.ar\/sitio\/wp-json\/wp\/v2\/posts\/93752\/revisions\/93754"}],"wp:featuredmedia":[{"embeddable":true,"href":"https:\/\/eldiariodesanpedro.com.ar\/sitio\/wp-json\/wp\/v2\/media\/93753"}],"wp:attachment":[{"href":"https:\/\/eldiariodesanpedro.com.ar\/sitio\/wp-json\/wp\/v2\/media?parent=93752"}],"wp:term":[{"taxonomy":"category","embeddable":true,"href":"https:\/\/eldiariodesanpedro.com.ar\/sitio\/wp-json\/wp\/v2\/categories?post=93752"},{"taxonomy":"post_tag","embeddable":true,"href":"https:\/\/eldiariodesanpedro.com.ar\/sitio\/wp-json\/wp\/v2\/tags?post=93752"}],"curies":[{"name":"wp","href":"https:\/\/api.w.org\/{rel}","templated":true}]}}