{"id":93744,"date":"2021-06-05T11:31:07","date_gmt":"2021-06-05T14:31:07","guid":{"rendered":"https:\/\/eldiariodesanpedro.com.ar\/sitio\/?p=93744"},"modified":"2021-06-05T11:32:43","modified_gmt":"2021-06-05T14:32:43","slug":"el-aca-y-la-municipalidad-firmaron-en-rio-tala-el-comodato-para-instalar-un-cuartel-de-bomberos","status":"publish","type":"post","link":"https:\/\/eldiariodesanpedro.com.ar\/sitio\/el-aca-y-la-municipalidad-firmaron-en-rio-tala-el-comodato-para-instalar-un-cuartel-de-bomberos\/","title":{"rendered":"El ACA y la Municipalidad firmaron en R\u00edo Tala el comodato para instalar un Cuartel de Bomberos"},"content":{"rendered":"<!-- VideographyWP Plugin Message: Automatic video embedding prevented by plugin options. -->\n\n<p>El Secretario de Coordinaci\u00f3n Ram\u00f3n Salazar y el Secretario de Obras P\u00fablicas Javier Silva en representaci\u00f3n del Intendente Cecilio Salazar, y Mart\u00edn D\u00edaz y Julio Lorenzo en representaci\u00f3n de la sede regional del Autom\u00f3vil Club Argentino, suscribieron esta ma\u00f1ana el comodato a trav\u00e9s del cual, la instituci\u00f3n cede en comodato sus instalaciones de la ex Unidad Servicial R\u00edo Tala (BA), para comenzar con los trabajos tendientes a la instalaci\u00f3n del Destacamento N\u00ba2 de Bomberos.<\/p>\n\n\n\n<p>Los funcionarios realizaron junto Silvio Torrens, Mauro Rasio y Eduardo Dlapa en representaci\u00f3n de Bomberos, una recorrida por el edificio que se encuentra sumamente deteriorado, luego de que dejara de funcionar all\u00ed una dependencia del Centro de Universitario Regional.<\/p>\n\n\n\n<p>El comodato firmado, luego de gestiones realizadas desde la Municipalidad y desde la Asociaci\u00f3n de Bomberos, brinda la posibilidad de comenzar a recuperar ese espacio para comenzar a darle forma all\u00ed a una base operativa que comenzar\u00eda con la instalaci\u00f3n del destacamento para sumar en el futuro otras dependencias de seguridad y promoci\u00f3n tur\u00edstica.<\/p>\n\n\n\n<p>La aceptaci\u00f3n del Autom\u00f3vil Club ante esta solicitud constituye un hecho hist\u00f3rico para la instituci\u00f3n y para la comunidad sampedrina, compartiendo el objetivo de poder concretar un proyecto tan ambicioso como otros que caracterizan la historia y la trayectoria los Bomberos de San Pedro que, seguramente, requerir\u00e1n de la colaboraci\u00f3n de todos los sectores p\u00fablicos y privados que tambi\u00e9n podr\u00e1n beneficiarse con el emplazamiento de este nuevo cuartel.<\/p>\n\n\n\n<figure class=\"wp-block-image size-large is-resized\"><img decoding=\"async\" data-attachment-id=\"93750\" data-permalink=\"https:\/\/eldiariodesanpedro.com.ar\/sitio\/el-aca-y-la-municipalidad-firmaron-en-rio-tala-el-comodato-para-instalar-un-cuartel-de-bomberos\/196492154_992593431480533_7981641527167074861_n\/\" data-orig-file=\"https:\/\/eldiariodesanpedro.com.ar\/sitio\/wp-content\/uploads\/2021\/06\/196492154_992593431480533_7981641527167074861_n.jpg\" data-orig-size=\"605,605\" data-comments-opened=\"1\" data-image-meta=\"{&quot;aperture&quot;:&quot;0&quot;,&quot;credit&quot;:&quot;&quot;,&quot;camera&quot;:&quot;&quot;,&quot;caption&quot;:&quot;&quot;,&quot;created_timestamp&quot;:&quot;0&quot;,&quot;copyright&quot;:&quot;&quot;,&quot;focal_length&quot;:&quot;0&quot;,&quot;iso&quot;:&quot;0&quot;,&quot;shutter_speed&quot;:&quot;0&quot;,&quot;title&quot;:&quot;&quot;,&quot;orientation&quot;:&quot;0&quot;}\" data-image-title=\"196492154_992593431480533_7981641527167074861_n\" data-image-description=\"\" data-image-caption=\"\" data-large-file=\"https:\/\/eldiariodesanpedro.com.ar\/sitio\/wp-content\/uploads\/2021\/06\/196492154_992593431480533_7981641527167074861_n.jpg\" data-src=\"https:\/\/eldiariodesanpedro.com.ar\/sitio\/wp-content\/uploads\/2021\/06\/196492154_992593431480533_7981641527167074861_n.jpg\" alt=\"\" class=\"wp-image-93750 lazyload\" width=\"838\" height=\"838\" data-srcset=\"https:\/\/eldiariodesanpedro.com.ar\/sitio\/wp-content\/uploads\/2021\/06\/196492154_992593431480533_7981641527167074861_n.jpg 605w, https:\/\/eldiariodesanpedro.com.ar\/sitio\/wp-content\/uploads\/2021\/06\/196492154_992593431480533_7981641527167074861_n-300x300.jpg 300w, https:\/\/eldiariodesanpedro.com.ar\/sitio\/wp-content\/uploads\/2021\/06\/196492154_992593431480533_7981641527167074861_n-150x150.jpg 150w\" data-sizes=\"(max-width: 838px) 100vw, 838px\" src=\"data:image\/svg+xml;base64,PHN2ZyB3aWR0aD0iMSIgaGVpZ2h0PSIxIiB4bWxucz0iaHR0cDovL3d3dy53My5vcmcvMjAwMC9zdmciPjwvc3ZnPg==\" style=\"--smush-placeholder-width: 838px; --smush-placeholder-aspect-ratio: 838\/838;\" \/><\/figure>\n\n\n\n<figure class=\"wp-block-image size-large\"><img decoding=\"async\" width=\"1024\" height=\"576\" data-attachment-id=\"93748\" data-permalink=\"https:\/\/eldiariodesanpedro.com.ar\/sitio\/el-aca-y-la-municipalidad-firmaron-en-rio-tala-el-comodato-para-instalar-un-cuartel-de-bomberos\/whatsapp-image-2021-06-05-at-08-21-03\/\" data-orig-file=\"https:\/\/eldiariodesanpedro.com.ar\/sitio\/wp-content\/uploads\/2021\/06\/WhatsApp-Image-2021-06-05-at-08.21.03.jpeg\" data-orig-size=\"1280,720\" data-comments-opened=\"1\" data-image-meta=\"{&quot;aperture&quot;:&quot;0&quot;,&quot;credit&quot;:&quot;&quot;,&quot;camera&quot;:&quot;&quot;,&quot;caption&quot;:&quot;&quot;,&quot;created_timestamp&quot;:&quot;0&quot;,&quot;copyright&quot;:&quot;&quot;,&quot;focal_length&quot;:&quot;0&quot;,&quot;iso&quot;:&quot;0&quot;,&quot;shutter_speed&quot;:&quot;0&quot;,&quot;title&quot;:&quot;&quot;,&quot;orientation&quot;:&quot;0&quot;}\" data-image-title=\"WhatsApp Image 2021-06-05 at 08.21.03\" data-image-description=\"\" data-image-caption=\"\" data-large-file=\"https:\/\/eldiariodesanpedro.com.ar\/sitio\/wp-content\/uploads\/2021\/06\/WhatsApp-Image-2021-06-05-at-08.21.03-1024x576.jpeg\" data-src=\"https:\/\/eldiariodesanpedro.com.ar\/sitio\/wp-content\/uploads\/2021\/06\/WhatsApp-Image-2021-06-05-at-08.21.03-1024x576.jpeg\" alt=\"\" class=\"wp-image-93748 lazyload\" data-srcset=\"https:\/\/eldiariodesanpedro.com.ar\/sitio\/wp-content\/uploads\/2021\/06\/WhatsApp-Image-2021-06-05-at-08.21.03-1024x576.jpeg 1024w, https:\/\/eldiariodesanpedro.com.ar\/sitio\/wp-content\/uploads\/2021\/06\/WhatsApp-Image-2021-06-05-at-08.21.03-300x169.jpeg 300w, https:\/\/eldiariodesanpedro.com.ar\/sitio\/wp-content\/uploads\/2021\/06\/WhatsApp-Image-2021-06-05-at-08.21.03-768x432.jpeg 768w, https:\/\/eldiariodesanpedro.com.ar\/sitio\/wp-content\/uploads\/2021\/06\/WhatsApp-Image-2021-06-05-at-08.21.03-800x450.jpeg 800w, https:\/\/eldiariodesanpedro.com.ar\/sitio\/wp-content\/uploads\/2021\/06\/WhatsApp-Image-2021-06-05-at-08.21.03.jpeg 1280w\" data-sizes=\"(max-width: 1024px) 100vw, 1024px\" src=\"data:image\/svg+xml;base64,PHN2ZyB3aWR0aD0iMSIgaGVpZ2h0PSIxIiB4bWxucz0iaHR0cDovL3d3dy53My5vcmcvMjAwMC9zdmciPjwvc3ZnPg==\" style=\"--smush-placeholder-width: 1024px; --smush-placeholder-aspect-ratio: 1024\/576;\" \/><\/figure>\n\n\n\n<figure class=\"wp-block-image size-large\"><img decoding=\"async\" width=\"1024\" height=\"682\" data-attachment-id=\"93747\" data-permalink=\"https:\/\/eldiariodesanpedro.com.ar\/sitio\/el-aca-y-la-municipalidad-firmaron-en-rio-tala-el-comodato-para-instalar-un-cuartel-de-bomberos\/whatsapp-image-2021-06-05-at-08-21-03-1\/\" data-orig-file=\"https:\/\/eldiariodesanpedro.com.ar\/sitio\/wp-content\/uploads\/2021\/06\/WhatsApp-Image-2021-06-05-at-08.21.03-1.jpeg\" data-orig-size=\"1280,853\" data-comments-opened=\"1\" data-image-meta=\"{&quot;aperture&quot;:&quot;0&quot;,&quot;credit&quot;:&quot;&quot;,&quot;camera&quot;:&quot;&quot;,&quot;caption&quot;:&quot;&quot;,&quot;created_timestamp&quot;:&quot;0&quot;,&quot;copyright&quot;:&quot;&quot;,&quot;focal_length&quot;:&quot;0&quot;,&quot;iso&quot;:&quot;0&quot;,&quot;shutter_speed&quot;:&quot;0&quot;,&quot;title&quot;:&quot;&quot;,&quot;orientation&quot;:&quot;0&quot;}\" data-image-title=\"WhatsApp Image 2021-06-05 at 08.21.03 (1)\" data-image-description=\"\" data-image-caption=\"\" data-large-file=\"https:\/\/eldiariodesanpedro.com.ar\/sitio\/wp-content\/uploads\/2021\/06\/WhatsApp-Image-2021-06-05-at-08.21.03-1-1024x682.jpeg\" data-src=\"https:\/\/eldiariodesanpedro.com.ar\/sitio\/wp-content\/uploads\/2021\/06\/WhatsApp-Image-2021-06-05-at-08.21.03-1-1024x682.jpeg\" alt=\"\" class=\"wp-image-93747 lazyload\" data-srcset=\"https:\/\/eldiariodesanpedro.com.ar\/sitio\/wp-content\/uploads\/2021\/06\/WhatsApp-Image-2021-06-05-at-08.21.03-1-1024x682.jpeg 1024w, https:\/\/eldiariodesanpedro.com.ar\/sitio\/wp-content\/uploads\/2021\/06\/WhatsApp-Image-2021-06-05-at-08.21.03-1-300x200.jpeg 300w, https:\/\/eldiariodesanpedro.com.ar\/sitio\/wp-content\/uploads\/2021\/06\/WhatsApp-Image-2021-06-05-at-08.21.03-1-768x512.jpeg 768w, https:\/\/eldiariodesanpedro.com.ar\/sitio\/wp-content\/uploads\/2021\/06\/WhatsApp-Image-2021-06-05-at-08.21.03-1.jpeg 1280w\" data-sizes=\"(max-width: 1024px) 100vw, 1024px\" src=\"data:image\/svg+xml;base64,PHN2ZyB3aWR0aD0iMSIgaGVpZ2h0PSIxIiB4bWxucz0iaHR0cDovL3d3dy53My5vcmcvMjAwMC9zdmciPjwvc3ZnPg==\" style=\"--smush-placeholder-width: 1024px; --smush-placeholder-aspect-ratio: 1024\/682;\" \/><\/figure>\n\n\n\n<figure class=\"wp-block-image size-large\"><img decoding=\"async\" width=\"1024\" height=\"665\" data-attachment-id=\"93746\" data-permalink=\"https:\/\/eldiariodesanpedro.com.ar\/sitio\/el-aca-y-la-municipalidad-firmaron-en-rio-tala-el-comodato-para-instalar-un-cuartel-de-bomberos\/whatsapp-image-2021-06-05-at-08-21-02\/\" data-orig-file=\"https:\/\/eldiariodesanpedro.com.ar\/sitio\/wp-content\/uploads\/2021\/06\/WhatsApp-Image-2021-06-05-at-08.21.02.jpeg\" data-orig-size=\"1280,831\" data-comments-opened=\"1\" data-image-meta=\"{&quot;aperture&quot;:&quot;0&quot;,&quot;credit&quot;:&quot;&quot;,&quot;camera&quot;:&quot;&quot;,&quot;caption&quot;:&quot;&quot;,&quot;created_timestamp&quot;:&quot;0&quot;,&quot;copyright&quot;:&quot;&quot;,&quot;focal_length&quot;:&quot;0&quot;,&quot;iso&quot;:&quot;0&quot;,&quot;shutter_speed&quot;:&quot;0&quot;,&quot;title&quot;:&quot;&quot;,&quot;orientation&quot;:&quot;0&quot;}\" data-image-title=\"WhatsApp Image 2021-06-05 at 08.21.02\" data-image-description=\"\" data-image-caption=\"\" data-large-file=\"https:\/\/eldiariodesanpedro.com.ar\/sitio\/wp-content\/uploads\/2021\/06\/WhatsApp-Image-2021-06-05-at-08.21.02-1024x665.jpeg\" data-src=\"https:\/\/eldiariodesanpedro.com.ar\/sitio\/wp-content\/uploads\/2021\/06\/WhatsApp-Image-2021-06-05-at-08.21.02-1024x665.jpeg\" alt=\"\" class=\"wp-image-93746 lazyload\" data-srcset=\"https:\/\/eldiariodesanpedro.com.ar\/sitio\/wp-content\/uploads\/2021\/06\/WhatsApp-Image-2021-06-05-at-08.21.02-1024x665.jpeg 1024w, https:\/\/eldiariodesanpedro.com.ar\/sitio\/wp-content\/uploads\/2021\/06\/WhatsApp-Image-2021-06-05-at-08.21.02-300x195.jpeg 300w, https:\/\/eldiariodesanpedro.com.ar\/sitio\/wp-content\/uploads\/2021\/06\/WhatsApp-Image-2021-06-05-at-08.21.02-768x499.jpeg 768w, https:\/\/eldiariodesanpedro.com.ar\/sitio\/wp-content\/uploads\/2021\/06\/WhatsApp-Image-2021-06-05-at-08.21.02.jpeg 1280w\" data-sizes=\"(max-width: 1024px) 100vw, 1024px\" src=\"data:image\/svg+xml;base64,PHN2ZyB3aWR0aD0iMSIgaGVpZ2h0PSIxIiB4bWxucz0iaHR0cDovL3d3dy53My5vcmcvMjAwMC9zdmciPjwvc3ZnPg==\" style=\"--smush-placeholder-width: 1024px; --smush-placeholder-aspect-ratio: 1024\/665;\" \/><\/figure>\n","protected":false},"excerpt":{"rendered":"<p>El Secretario de Coordinaci\u00f3n Ram\u00f3n Salazar y el Secretario de Obras P\u00fablicas Javier Silva en representaci\u00f3n del Intendente Cecilio Salazar, y Mart\u00edn D\u00edaz y Julio Lorenzo en representaci\u00f3n de la sede regional del Autom\u00f3vil Club Argentino, suscribieron esta ma\u00f1ana el comodato a trav\u00e9s del cual, la instituci\u00f3n cede en comodato sus instalaciones de la ex [&hellip;]<\/p>\n","protected":false},"author":4,"featured_media":93745,"comment_status":"open","ping_status":"closed","sticky":false,"template":"","format":"standard","meta":{"om_disable_all_campaigns":false,"_jetpack_memberships_contains_paid_content":false,"footnotes":""},"categories":[50,101,2],"tags":[],"class_list":["post-93744","post","type-post","status-publish","format-standard","has-post-thumbnail","hentry","category-destacadas","category-interes-general-locales","category-locales"],"aioseo_notices":[],"gutentor_comment":0,"jetpack_featured_media_url":"https:\/\/eldiariodesanpedro.com.ar\/sitio\/wp-content\/uploads\/2021\/06\/WhatsApp-Image-2021-06-05-at-08.21.02-1.jpeg","jetpack_shortlink":"https:\/\/wp.me\/p6RhLt-oo0","jetpack_sharing_enabled":true,"_links":{"self":[{"href":"https:\/\/eldiariodesanpedro.com.ar\/sitio\/wp-json\/wp\/v2\/posts\/93744","targetHints":{"allow":["GET"]}}],"collection":[{"href":"https:\/\/eldiariodesanpedro.com.ar\/sitio\/wp-json\/wp\/v2\/posts"}],"about":[{"href":"https:\/\/eldiariodesanpedro.com.ar\/sitio\/wp-json\/wp\/v2\/types\/post"}],"author":[{"embeddable":true,"href":"https:\/\/eldiariodesanpedro.com.ar\/sitio\/wp-json\/wp\/v2\/users\/4"}],"replies":[{"embeddable":true,"href":"https:\/\/eldiariodesanpedro.com.ar\/sitio\/wp-json\/wp\/v2\/comments?post=93744"}],"version-history":[{"count":2,"href":"https:\/\/eldiariodesanpedro.com.ar\/sitio\/wp-json\/wp\/v2\/posts\/93744\/revisions"}],"predecessor-version":[{"id":93751,"href":"https:\/\/eldiariodesanpedro.com.ar\/sitio\/wp-json\/wp\/v2\/posts\/93744\/revisions\/93751"}],"wp:featuredmedia":[{"embeddable":true,"href":"https:\/\/eldiariodesanpedro.com.ar\/sitio\/wp-json\/wp\/v2\/media\/93745"}],"wp:attachment":[{"href":"https:\/\/eldiariodesanpedro.com.ar\/sitio\/wp-json\/wp\/v2\/media?parent=93744"}],"wp:term":[{"taxonomy":"category","embeddable":true,"href":"https:\/\/eldiariodesanpedro.com.ar\/sitio\/wp-json\/wp\/v2\/categories?post=93744"},{"taxonomy":"post_tag","embeddable":true,"href":"https:\/\/eldiariodesanpedro.com.ar\/sitio\/wp-json\/wp\/v2\/tags?post=93744"}],"curies":[{"name":"wp","href":"https:\/\/api.w.org\/{rel}","templated":true}]}}