{"id":93741,"date":"2021-06-05T11:27:01","date_gmt":"2021-06-05T14:27:01","guid":{"rendered":"https:\/\/eldiariodesanpedro.com.ar\/sitio\/?p=93741"},"modified":"2021-06-05T11:27:06","modified_gmt":"2021-06-05T14:27:06","slug":"consternacion-por-el-fallecimiento-de-toti-pugliese","status":"publish","type":"post","link":"https:\/\/eldiariodesanpedro.com.ar\/sitio\/consternacion-por-el-fallecimiento-de-toti-pugliese\/","title":{"rendered":"Consternaci\u00f3n por el fallecimiento de \u00abToti\u00bb Pugliese"},"content":{"rendered":"<!-- VideographyWP Plugin Message: Automatic video embedding prevented by plugin options. -->\n\n<p><strong>El hist\u00f3rico utilero del Club Atl\u00e9tico Mitre sufri\u00f3 un paro card\u00edaco mientras se encontraba en su domicilio y falleci\u00f3. La instituci\u00f3n permanecer\u00e1 cerrada.<\/strong><\/p>\n\n\n\n<p>Sobre el mediod\u00eda del viernes falleci\u00f3 en su domicilio Marcelo \u00abToti\u00bb Pugliese. El hist\u00f3rico utilero del Club Atl\u00e9tico Mitre ten\u00eda 54 a\u00f1os y sufri\u00f3 un inconveniente card\u00edaco que le provoc\u00f3 el repentino&nbsp;deceso.<\/p>\n\n\n\n<p>Pugliese, adem\u00e1s de empleado del club y utilero, fue simpatizante, socio y hasta delegado en la Liga Deportiva Sampedrina.<\/p>\n\n\n\n<p>Su fallecimiento provoc\u00f3 una profunda congoja en la instituci\u00f3n Roja como en todo el ambiente futbolero de la ciudad ya que sin dudas, \u00abToti\u00bb, era un verdadero personaje muy querido por las instituciones colegas.&nbsp;<\/p>\n\n\n\n<p>A modo de homenaje las autoridades del Club Atl\u00e9tico Mitre resolvi\u00f3 decretar dos d\u00edas de duelo e invitar a los socios y simpatizantes a colocar una ofrenda floral sobre el frente de la instituci\u00f3n.\u00a0<\/p>\n\n\n\n<p>Fuente: <a href=\"https:\/\/www.sanpedroinforma.com.ar\/nota\/124227\/sociedad\/consternacion-por-el-fallecimiento-de-toti-pugliese.html\">San Pedro Informa<\/a><\/p>\n","protected":false},"excerpt":{"rendered":"<p>El hist\u00f3rico utilero del Club Atl\u00e9tico Mitre sufri\u00f3 un paro card\u00edaco mientras se encontraba en su domicilio y falleci\u00f3. La instituci\u00f3n permanecer\u00e1 cerrada. Sobre el mediod\u00eda del viernes falleci\u00f3 en su domicilio Marcelo \u00abToti\u00bb Pugliese. El hist\u00f3rico utilero del Club Atl\u00e9tico Mitre ten\u00eda 54 a\u00f1os y sufri\u00f3 un inconveniente card\u00edaco que le provoc\u00f3 el repentino&nbsp;deceso. [&hellip;]<\/p>\n","protected":false},"author":4,"featured_media":93742,"comment_status":"open","ping_status":"closed","sticky":false,"template":"","format":"standard","meta":{"om_disable_all_campaigns":false,"_jetpack_memberships_contains_paid_content":false,"footnotes":""},"categories":[50,101,2],"tags":[],"class_list":["post-93741","post","type-post","status-publish","format-standard","has-post-thumbnail","hentry","category-destacadas","category-interes-general-locales","category-locales"],"aioseo_notices":[],"gutentor_comment":0,"jetpack_featured_media_url":"https:\/\/eldiariodesanpedro.com.ar\/sitio\/wp-content\/uploads\/2021\/06\/000091795.jpg","jetpack_shortlink":"https:\/\/wp.me\/p6RhLt-onX","jetpack_sharing_enabled":true,"_links":{"self":[{"href":"https:\/\/eldiariodesanpedro.com.ar\/sitio\/wp-json\/wp\/v2\/posts\/93741","targetHints":{"allow":["GET"]}}],"collection":[{"href":"https:\/\/eldiariodesanpedro.com.ar\/sitio\/wp-json\/wp\/v2\/posts"}],"about":[{"href":"https:\/\/eldiariodesanpedro.com.ar\/sitio\/wp-json\/wp\/v2\/types\/post"}],"author":[{"embeddable":true,"href":"https:\/\/eldiariodesanpedro.com.ar\/sitio\/wp-json\/wp\/v2\/users\/4"}],"replies":[{"embeddable":true,"href":"https:\/\/eldiariodesanpedro.com.ar\/sitio\/wp-json\/wp\/v2\/comments?post=93741"}],"version-history":[{"count":1,"href":"https:\/\/eldiariodesanpedro.com.ar\/sitio\/wp-json\/wp\/v2\/posts\/93741\/revisions"}],"predecessor-version":[{"id":93743,"href":"https:\/\/eldiariodesanpedro.com.ar\/sitio\/wp-json\/wp\/v2\/posts\/93741\/revisions\/93743"}],"wp:featuredmedia":[{"embeddable":true,"href":"https:\/\/eldiariodesanpedro.com.ar\/sitio\/wp-json\/wp\/v2\/media\/93742"}],"wp:attachment":[{"href":"https:\/\/eldiariodesanpedro.com.ar\/sitio\/wp-json\/wp\/v2\/media?parent=93741"}],"wp:term":[{"taxonomy":"category","embeddable":true,"href":"https:\/\/eldiariodesanpedro.com.ar\/sitio\/wp-json\/wp\/v2\/categories?post=93741"},{"taxonomy":"post_tag","embeddable":true,"href":"https:\/\/eldiariodesanpedro.com.ar\/sitio\/wp-json\/wp\/v2\/tags?post=93741"}],"curies":[{"name":"wp","href":"https:\/\/api.w.org\/{rel}","templated":true}]}}