{"id":93727,"date":"2021-06-04T20:29:56","date_gmt":"2021-06-04T23:29:56","guid":{"rendered":"https:\/\/eldiariodesanpedro.com.ar\/sitio\/?p=93727"},"modified":"2021-06-04T21:18:20","modified_gmt":"2021-06-05T00:18:20","slug":"a-pesar-de-la-marcha-de-comerciantes-la-municipalidad-nego-el-pedido-y-podran-atender-con-clientes-afuera","status":"publish","type":"post","link":"https:\/\/eldiariodesanpedro.com.ar\/sitio\/a-pesar-de-la-marcha-de-comerciantes-la-municipalidad-nego-el-pedido-y-podran-atender-con-clientes-afuera\/","title":{"rendered":"A pesar de la protesta de comerciantes la Municipalidad neg\u00f3 el pedido y podr\u00e1n atender con clientes afuera"},"content":{"rendered":"<!-- VideographyWP Plugin Message: Automatic video embedding prevented by plugin options. -->\n\n<p>Minutos mas tarde la municipalidad emiti\u00f3 un comunicado donde informa las restricciones para este s\u00e1bado y domingo explicando que los comercios no esenciales podr\u00e1n atender a puertas cerradas sin permitir el acceso de clientes.<\/p>\n\n\n\n<p>La Municipalidad de San Pedro informa que a partir de la medianoche de este viernes y hasta las 00 del lunes 7 de junio vuelven a regir las restricciones preventivas que fueron impuestas por el Gobierno Nacional, a trav\u00e9s del Decreto de Necesidad y Urgencia N\u00ba 334.<\/p>\n\n\n\n<p>Por tal motivo se recuerda a todos los vecinos que se deber\u00e1n cumplir las siguientes medidas que buscan aportar una reducci\u00f3n de la circulaci\u00f3n del Covid-19, en d\u00edas sumamente complejos para el sistema de salud y para centenares de familias sampedrinas.<\/p>\n\n\n\n<p>Desde las 00 del lunes 7, retornan las normativas vigentes actualmente en FASE 2 y hasta el momento no se ha informado que el fin de semana siguiente del 12 y 13 de junio, vuelvan a aplicarse las mismas restricciones.<\/p>\n\n\n\n<p>Para este s\u00e1bado 5 y domingo 6 de junio est\u00e1 restringida la circulaci\u00f3n a partir de las 18 horas de cada d\u00eda hasta las 06hs del d\u00eda siguiente.<\/p>\n\n\n\n<p>S\u00f3lo podr\u00e1n circular los trabajadores de actividades esenciales, acreditando tal condici\u00f3n a trav\u00e9s de la App CUIDAR.<\/p>\n\n\n\n<p>No se podr\u00e1n realizar reuniones de personas (sean adultos o menores), ni concentraciones, ni pr\u00e1cticas recreativas grupales, tanto en domicilios como al aire libre.<\/p>\n\n\n\n<p>En cuanto al funcionamiento comercial, en base a la posibilidad de desplazarse para la compra de art\u00edculos esenciales (de limpieza, medicamentos, alimentos, y otros art\u00edculos de necesidad) en cercan\u00edas al domicilio, estar\u00e1 autorizado el ingreso controlado a tales comercios entre las 06 y las 18 horas de cada d\u00eda.<\/p>\n\n\n\n<p>Luego los mismos podr\u00e1n continuar trabajando a puertas cerradas con env\u00edos, hasta las 23 horas de cada d\u00eda.<\/p>\n\n\n\n<p>Est\u00e1 permitido el funcionamiento de servicios de lavander\u00eda, servicios postales y de reparto a domicilio, talleres de mantenimiento de veh\u00edculos afectados al trabajo esencial, y estaciones de expendio de combustible.<\/p>\n\n\n\n<p>Bares, restaurantes y otros locales de venta de comidas elaboradas y afines: Podr\u00e1n funcionar con la modalidad de retiro en tienda hasta las 18 horas y continuar con env\u00edos a domicilio hasta las 23 horas.<\/p>\n\n\n\n<p>No est\u00e1 permitido el uso de mesas y sillas en interiores ni en exteriores.<\/p>\n\n\n\n<p>Los comercios de venta de art\u00edculos o servicios no esenciales podr\u00e1n trabajar a puertas cerradas, sin ingreso de clientes a los locales, con env\u00edo a domicilio hasta las 18 horas.<\/p>\n\n\n\n<p>Podr\u00e1n realizarse salidas de esparcimiento en cercan\u00edas del domicilio, en espacios p\u00fablicos al aire libre durante el horario autorizado para circular (06 a 18 horas) y dando cumplimiento a las medidas de prevenci\u00f3n (uso obligatorio de barbijo, distancia de 2m, higiene de manos).<\/p>\n","protected":false},"excerpt":{"rendered":"<p>Minutos mas tarde la municipalidad emiti\u00f3 un comunicado donde informa las restricciones para este s\u00e1bado y domingo explicando que los comercios no esenciales podr\u00e1n atender a puertas cerradas sin permitir el acceso de clientes. La Municipalidad de San Pedro informa que a partir de la medianoche de este viernes y hasta las 00 del lunes [&hellip;]<\/p>\n","protected":false},"author":4,"featured_media":93728,"comment_status":"open","ping_status":"closed","sticky":false,"template":"","format":"standard","meta":{"om_disable_all_campaigns":false,"_jetpack_memberships_contains_paid_content":false,"footnotes":""},"categories":[50,101,2],"tags":[],"class_list":["post-93727","post","type-post","status-publish","format-standard","has-post-thumbnail","hentry","category-destacadas","category-interes-general-locales","category-locales"],"aioseo_notices":[],"gutentor_comment":0,"jetpack_featured_media_url":"https:\/\/eldiariodesanpedro.com.ar\/sitio\/wp-content\/uploads\/2021\/06\/en-los-comercios-solo-se-puede-retirar-la-mercaderia-y-esta-prohibido-permanecer-el-local.jpeg","jetpack_shortlink":"https:\/\/wp.me\/p6RhLt-onJ","jetpack_sharing_enabled":true,"_links":{"self":[{"href":"https:\/\/eldiariodesanpedro.com.ar\/sitio\/wp-json\/wp\/v2\/posts\/93727","targetHints":{"allow":["GET"]}}],"collection":[{"href":"https:\/\/eldiariodesanpedro.com.ar\/sitio\/wp-json\/wp\/v2\/posts"}],"about":[{"href":"https:\/\/eldiariodesanpedro.com.ar\/sitio\/wp-json\/wp\/v2\/types\/post"}],"author":[{"embeddable":true,"href":"https:\/\/eldiariodesanpedro.com.ar\/sitio\/wp-json\/wp\/v2\/users\/4"}],"replies":[{"embeddable":true,"href":"https:\/\/eldiariodesanpedro.com.ar\/sitio\/wp-json\/wp\/v2\/comments?post=93727"}],"version-history":[{"count":2,"href":"https:\/\/eldiariodesanpedro.com.ar\/sitio\/wp-json\/wp\/v2\/posts\/93727\/revisions"}],"predecessor-version":[{"id":93730,"href":"https:\/\/eldiariodesanpedro.com.ar\/sitio\/wp-json\/wp\/v2\/posts\/93727\/revisions\/93730"}],"wp:featuredmedia":[{"embeddable":true,"href":"https:\/\/eldiariodesanpedro.com.ar\/sitio\/wp-json\/wp\/v2\/media\/93728"}],"wp:attachment":[{"href":"https:\/\/eldiariodesanpedro.com.ar\/sitio\/wp-json\/wp\/v2\/media?parent=93727"}],"wp:term":[{"taxonomy":"category","embeddable":true,"href":"https:\/\/eldiariodesanpedro.com.ar\/sitio\/wp-json\/wp\/v2\/categories?post=93727"},{"taxonomy":"post_tag","embeddable":true,"href":"https:\/\/eldiariodesanpedro.com.ar\/sitio\/wp-json\/wp\/v2\/tags?post=93727"}],"curies":[{"name":"wp","href":"https:\/\/api.w.org\/{rel}","templated":true}]}}