{"id":93717,"date":"2021-06-04T18:58:22","date_gmt":"2021-06-04T21:58:22","guid":{"rendered":"https:\/\/eldiariodesanpedro.com.ar\/sitio\/?p=93717"},"modified":"2021-06-04T18:58:27","modified_gmt":"2021-06-04T21:58:27","slug":"baradero-violo-las-restricciones-y-ademas-golpeo-a-la-policia","status":"publish","type":"post","link":"https:\/\/eldiariodesanpedro.com.ar\/sitio\/baradero-violo-las-restricciones-y-ademas-golpeo-a-la-policia\/","title":{"rendered":"BARADERO | Viol\u00f3 las restricciones y ademas golpe\u00f3 a la polic\u00eda"},"content":{"rendered":"<!-- VideographyWP Plugin Message: Automatic video embedding prevented by plugin options. -->\n\n<p>El d\u00eda jueves alrededor de las 3:00 AM el personal policial de la comisar\u00eda procedi\u00f3 a la aprehensi\u00f3n de un masculino en calles Mart\u00edn Fierro y Darragueira por la prohibici\u00f3n de circulaci\u00f3n entre las 20 y las 6Hs. Al momento de ser detenido el hombre se torn\u00f3 en una actitud violenta y arroj\u00f3 golpes de pu\u00f1os a los efectivos, logrando acertar alguno de ellos.<\/p>\n\n\n\n<p>Las v\u00edctimas de este ataque fueron asistidas y se comprob\u00f3 que presentaron lesiones de car\u00e1cter leves.<\/p>\n\n\n\n<p>En este caso tom\u00f3 intervenci\u00f3n la UFI del joven.<\/p>\n\n\n\n<p>Fuente: <a href=\"https:\/\/tulineadirecta.com\/violo-las-restricciones-y-para-colmo-golpeo-a-la-policia\/\">Tu Linea Directa<\/a><\/p>\n","protected":false},"excerpt":{"rendered":"<p>El d\u00eda jueves alrededor de las 3:00 AM el personal policial de la comisar\u00eda procedi\u00f3 a la aprehensi\u00f3n de un masculino en calles Mart\u00edn Fierro y Darragueira por la prohibici\u00f3n de circulaci\u00f3n entre las 20 y las 6Hs. Al momento de ser detenido el hombre se torn\u00f3 en una actitud violenta y arroj\u00f3 golpes de [&hellip;]<\/p>\n","protected":false},"author":4,"featured_media":93718,"comment_status":"open","ping_status":"closed","sticky":false,"template":"","format":"standard","meta":{"om_disable_all_campaigns":false,"_jetpack_memberships_contains_paid_content":false,"footnotes":""},"categories":[621],"tags":[],"class_list":["post-93717","post","type-post","status-publish","format-standard","has-post-thumbnail","hentry","category-regionales"],"aioseo_notices":[],"gutentor_comment":0,"jetpack_featured_media_url":"https:\/\/eldiariodesanpedro.com.ar\/sitio\/wp-content\/uploads\/2021\/06\/policia2.jpg","jetpack_shortlink":"https:\/\/wp.me\/p6RhLt-onz","jetpack_sharing_enabled":true,"_links":{"self":[{"href":"https:\/\/eldiariodesanpedro.com.ar\/sitio\/wp-json\/wp\/v2\/posts\/93717","targetHints":{"allow":["GET"]}}],"collection":[{"href":"https:\/\/eldiariodesanpedro.com.ar\/sitio\/wp-json\/wp\/v2\/posts"}],"about":[{"href":"https:\/\/eldiariodesanpedro.com.ar\/sitio\/wp-json\/wp\/v2\/types\/post"}],"author":[{"embeddable":true,"href":"https:\/\/eldiariodesanpedro.com.ar\/sitio\/wp-json\/wp\/v2\/users\/4"}],"replies":[{"embeddable":true,"href":"https:\/\/eldiariodesanpedro.com.ar\/sitio\/wp-json\/wp\/v2\/comments?post=93717"}],"version-history":[{"count":1,"href":"https:\/\/eldiariodesanpedro.com.ar\/sitio\/wp-json\/wp\/v2\/posts\/93717\/revisions"}],"predecessor-version":[{"id":93719,"href":"https:\/\/eldiariodesanpedro.com.ar\/sitio\/wp-json\/wp\/v2\/posts\/93717\/revisions\/93719"}],"wp:featuredmedia":[{"embeddable":true,"href":"https:\/\/eldiariodesanpedro.com.ar\/sitio\/wp-json\/wp\/v2\/media\/93718"}],"wp:attachment":[{"href":"https:\/\/eldiariodesanpedro.com.ar\/sitio\/wp-json\/wp\/v2\/media?parent=93717"}],"wp:term":[{"taxonomy":"category","embeddable":true,"href":"https:\/\/eldiariodesanpedro.com.ar\/sitio\/wp-json\/wp\/v2\/categories?post=93717"},{"taxonomy":"post_tag","embeddable":true,"href":"https:\/\/eldiariodesanpedro.com.ar\/sitio\/wp-json\/wp\/v2\/tags?post=93717"}],"curies":[{"name":"wp","href":"https:\/\/api.w.org\/{rel}","templated":true}]}}