{"id":93714,"date":"2021-06-04T18:55:19","date_gmt":"2021-06-04T21:55:19","guid":{"rendered":"https:\/\/eldiariodesanpedro.com.ar\/sitio\/?p=93714"},"modified":"2021-06-04T18:55:23","modified_gmt":"2021-06-04T21:55:23","slug":"baradero-sufrio-abuso-sexual-y-su-agresor-no-ira-preso-por-no-contar-con-antecedentes-penales","status":"publish","type":"post","link":"https:\/\/eldiariodesanpedro.com.ar\/sitio\/baradero-sufrio-abuso-sexual-y-su-agresor-no-ira-preso-por-no-contar-con-antecedentes-penales\/","title":{"rendered":"BARADERO | Sufri\u00f3 abuso sexual y su agresor no ir\u00e1 preso por no contar con antecedentes penales"},"content":{"rendered":"<!-- VideographyWP Plugin Message: Automatic video embedding prevented by plugin options. -->\n\n<p>Monica Ag\u00fcero se acerc\u00f3 hasta los estudios de la radio para poder hacer p\u00fablico lo ocurrido con un familiar directo por una denuncia de abuso sexual. La mujer tom\u00f3 esta determinaci\u00f3n a ra\u00edz de que desde la Fiscal\u00eda le dijeran que la persona no iba a ir presa por no contar con antecedentes penales.<\/p>\n\n\n\n<p>La v\u00edctima es una menor de 11 a\u00f1os que el 20 de Marzo del a\u00f1o pasado fue abusada por un allegado a la familia, Eugenio Davasse, que le realizaba una terapia de \u201cbiomagnetismo\u201d por dolores que presentaba en su cuerpo.<\/p>\n\n\n\n<p>\u201c\u00c9l ofrece este servicio desde su vivienda al que tambi\u00e9n acuden much\u00edsimas mujeres\u201d.<\/p>\n\n\n\n<p>El 12 de Mayo se someti\u00f3 a una C\u00e1mara Gesell en donde se dictamin\u00f3 que la menor no ment\u00eda en lo que dec\u00eda.<\/p>\n\n\n\n<p>\u201cEl Fiscal me dijo que como esta persona no tiene antecedentes penales no va a ir preso sino que se va a hacer una propuesta de abreviado en la que desde su casa se someter\u00e1 a un tratamiento psicol\u00f3gico\u201d.<\/p>\n\n\n\n<p>\u201cFue la propia v\u00edctima quien me solicit\u00f3 que haga p\u00fablico lo ocurrido porque no quiere que le pase a ninguna persona m\u00e1s\u201d.<\/p>\n\n\n\n<p><a href=\"https:\/\/tulineadirecta.com\/author\/tulineadirecta1\/\"><\/a><\/p>\n","protected":false},"excerpt":{"rendered":"<p>Monica Ag\u00fcero se acerc\u00f3 hasta los estudios de la radio para poder hacer p\u00fablico lo ocurrido con un familiar directo por una denuncia de abuso sexual. La mujer tom\u00f3 esta determinaci\u00f3n a ra\u00edz de que desde la Fiscal\u00eda le dijeran que la persona no iba a ir presa por no contar con antecedentes penales. La [&hellip;]<\/p>\n","protected":false},"author":4,"featured_media":93715,"comment_status":"open","ping_status":"closed","sticky":false,"template":"","format":"standard","meta":{"om_disable_all_campaigns":false,"_jetpack_memberships_contains_paid_content":false,"footnotes":""},"categories":[621],"tags":[],"class_list":["post-93714","post","type-post","status-publish","format-standard","has-post-thumbnail","hentry","category-regionales"],"aioseo_notices":[],"gutentor_comment":0,"jetpack_featured_media_url":"https:\/\/eldiariodesanpedro.com.ar\/sitio\/wp-content\/uploads\/2021\/06\/fiscalia_baradero.jpg","jetpack_shortlink":"https:\/\/wp.me\/p6RhLt-onw","jetpack_sharing_enabled":true,"_links":{"self":[{"href":"https:\/\/eldiariodesanpedro.com.ar\/sitio\/wp-json\/wp\/v2\/posts\/93714","targetHints":{"allow":["GET"]}}],"collection":[{"href":"https:\/\/eldiariodesanpedro.com.ar\/sitio\/wp-json\/wp\/v2\/posts"}],"about":[{"href":"https:\/\/eldiariodesanpedro.com.ar\/sitio\/wp-json\/wp\/v2\/types\/post"}],"author":[{"embeddable":true,"href":"https:\/\/eldiariodesanpedro.com.ar\/sitio\/wp-json\/wp\/v2\/users\/4"}],"replies":[{"embeddable":true,"href":"https:\/\/eldiariodesanpedro.com.ar\/sitio\/wp-json\/wp\/v2\/comments?post=93714"}],"version-history":[{"count":1,"href":"https:\/\/eldiariodesanpedro.com.ar\/sitio\/wp-json\/wp\/v2\/posts\/93714\/revisions"}],"predecessor-version":[{"id":93716,"href":"https:\/\/eldiariodesanpedro.com.ar\/sitio\/wp-json\/wp\/v2\/posts\/93714\/revisions\/93716"}],"wp:featuredmedia":[{"embeddable":true,"href":"https:\/\/eldiariodesanpedro.com.ar\/sitio\/wp-json\/wp\/v2\/media\/93715"}],"wp:attachment":[{"href":"https:\/\/eldiariodesanpedro.com.ar\/sitio\/wp-json\/wp\/v2\/media?parent=93714"}],"wp:term":[{"taxonomy":"category","embeddable":true,"href":"https:\/\/eldiariodesanpedro.com.ar\/sitio\/wp-json\/wp\/v2\/categories?post=93714"},{"taxonomy":"post_tag","embeddable":true,"href":"https:\/\/eldiariodesanpedro.com.ar\/sitio\/wp-json\/wp\/v2\/tags?post=93714"}],"curies":[{"name":"wp","href":"https:\/\/api.w.org\/{rel}","templated":true}]}}