{"id":93711,"date":"2021-06-04T18:31:49","date_gmt":"2021-06-04T21:31:49","guid":{"rendered":"https:\/\/eldiariodesanpedro.com.ar\/sitio\/?p=93711"},"modified":"2021-06-04T18:31:55","modified_gmt":"2021-06-04T21:31:55","slug":"desde-manana-los-bonaerenses-de-mas-de-70-anos-pueden-vacunarse-sin-turno","status":"publish","type":"post","link":"https:\/\/eldiariodesanpedro.com.ar\/sitio\/desde-manana-los-bonaerenses-de-mas-de-70-anos-pueden-vacunarse-sin-turno\/","title":{"rendered":"Desde ma\u00f1ana los bonaerenses de mas de 70 a\u00f1os pueden vacunarse sin turno"},"content":{"rendered":"<!-- VideographyWP Plugin Message: Automatic video embedding prevented by plugin options. -->\n\n<p>La Municipalidad de San Pedro, el Plan Vacunate PBA y el Ministerio de Salud de la Provincia de Buenos Aires siguen coordinando el plan de vacunaci\u00f3n contra el Covid-19.<\/p>\n\n\n\n<p>Los bonaerenses mayores de 18 a\u00f1os deben estar inscriptos y para hacerlo deben ingresar en triple dobleve punto <a href=\"http:\/\/vacunatepba.gba.gob.ar\">vacunatepba.gba.gob.ar<\/a> o bajando la aplicaci\u00f3n en el celular.<\/p>\n\n\n\n<p>Desde el 5 de junio los mayores de 70 a\u00f1os pueden concurrir Salta 185, para aplicarse la primera dosis, sin turno y s\u00f3lo presentando el documento.<\/p>\n\n\n\n<p>En pocos d\u00edas superaremos las 20.000 dosis aplicadas y seguimos trabajando para llegar con rapidez y eficacia a la mayor cantidad de poblaci\u00f3n posible.<br><\/p>\n\n\n\n<p>Estamos para ayudarte todos los d\u00edas de 8 a 17, con un mensaje al 3329-317575 o por mail a <a href=\"mailto:vacunatesanpedro@gmail.com\">vacunatesanpedro@gmail.com<\/a>. <\/p>\n\n\n\n<p>Tenemos que seguir cuid\u00e1ndonos con solidaridad y respeto para que esta Pandemia pronto quede atr\u00e1s Vacun\u00e1te Buenos Aires para cuidarte y cuidarnos.<\/p>\n","protected":false},"excerpt":{"rendered":"<p>La Municipalidad de San Pedro, el Plan Vacunate PBA y el Ministerio de Salud de la Provincia de Buenos Aires siguen coordinando el plan de vacunaci\u00f3n contra el Covid-19. Los bonaerenses mayores de 18 a\u00f1os deben estar inscriptos y para hacerlo deben ingresar en triple dobleve punto vacunatepba.gba.gob.ar o bajando la aplicaci\u00f3n en el celular. [&hellip;]<\/p>\n","protected":false},"author":4,"featured_media":93712,"comment_status":"open","ping_status":"closed","sticky":false,"template":"","format":"standard","meta":{"om_disable_all_campaigns":false,"_jetpack_memberships_contains_paid_content":false,"footnotes":""},"categories":[50,101,2],"tags":[],"class_list":["post-93711","post","type-post","status-publish","format-standard","has-post-thumbnail","hentry","category-destacadas","category-interes-general-locales","category-locales"],"aioseo_notices":[],"gutentor_comment":0,"jetpack_featured_media_url":"https:\/\/eldiariodesanpedro.com.ar\/sitio\/wp-content\/uploads\/2021\/06\/vacuna-covid-adulta-mayor.jpg","jetpack_shortlink":"https:\/\/wp.me\/p6RhLt-ont","jetpack_sharing_enabled":true,"_links":{"self":[{"href":"https:\/\/eldiariodesanpedro.com.ar\/sitio\/wp-json\/wp\/v2\/posts\/93711","targetHints":{"allow":["GET"]}}],"collection":[{"href":"https:\/\/eldiariodesanpedro.com.ar\/sitio\/wp-json\/wp\/v2\/posts"}],"about":[{"href":"https:\/\/eldiariodesanpedro.com.ar\/sitio\/wp-json\/wp\/v2\/types\/post"}],"author":[{"embeddable":true,"href":"https:\/\/eldiariodesanpedro.com.ar\/sitio\/wp-json\/wp\/v2\/users\/4"}],"replies":[{"embeddable":true,"href":"https:\/\/eldiariodesanpedro.com.ar\/sitio\/wp-json\/wp\/v2\/comments?post=93711"}],"version-history":[{"count":1,"href":"https:\/\/eldiariodesanpedro.com.ar\/sitio\/wp-json\/wp\/v2\/posts\/93711\/revisions"}],"predecessor-version":[{"id":93713,"href":"https:\/\/eldiariodesanpedro.com.ar\/sitio\/wp-json\/wp\/v2\/posts\/93711\/revisions\/93713"}],"wp:featuredmedia":[{"embeddable":true,"href":"https:\/\/eldiariodesanpedro.com.ar\/sitio\/wp-json\/wp\/v2\/media\/93712"}],"wp:attachment":[{"href":"https:\/\/eldiariodesanpedro.com.ar\/sitio\/wp-json\/wp\/v2\/media?parent=93711"}],"wp:term":[{"taxonomy":"category","embeddable":true,"href":"https:\/\/eldiariodesanpedro.com.ar\/sitio\/wp-json\/wp\/v2\/categories?post=93711"},{"taxonomy":"post_tag","embeddable":true,"href":"https:\/\/eldiariodesanpedro.com.ar\/sitio\/wp-json\/wp\/v2\/tags?post=93711"}],"curies":[{"name":"wp","href":"https:\/\/api.w.org\/{rel}","templated":true}]}}