{"id":93705,"date":"2021-06-04T12:44:24","date_gmt":"2021-06-04T15:44:24","guid":{"rendered":"https:\/\/eldiariodesanpedro.com.ar\/sitio\/?p=93705"},"modified":"2021-06-04T12:44:28","modified_gmt":"2021-06-04T15:44:28","slug":"coronavirus-este-viernes-se-recibieron-35-positivos-y-53-negativos-los-activos-se-mantienen-379-los-fallecidos-166","status":"publish","type":"post","link":"https:\/\/eldiariodesanpedro.com.ar\/sitio\/coronavirus-este-viernes-se-recibieron-35-positivos-y-53-negativos-los-activos-se-mantienen-379-los-fallecidos-166\/","title":{"rendered":"Coronavirus: Este viernes se recibieron 35 positivos y 53 negativos, los activos se mantienen 379, los fallecidos 166"},"content":{"rendered":"<!-- VideographyWP Plugin Message: Automatic video embedding prevented by plugin options. -->\n\n<p>La Secretar\u00eda de Salud de la Municipalidad de San Pedro brinda el informe que acompa\u00f1a la placa del d\u00eda de la fecha, en el seguimiento de la Pandemia de Covid-19.<\/p>\n\n\n\n<p>Se recibieron del Laboratorio Central Lab los resultados de los \u00faltimos env\u00edos de muestras con 28 positivos, y se confirmaron 7 casos positivos, a trav\u00e9s de los testeos r\u00e1pidos que se realizan en el Laboratorio del Hospital, totalizando 35 nuevos casos positivos.<\/p>\n\n\n\n<p>Sobre el resto de las muestras recibidas, el Laboratorio Central Lab inform\u00f3 40 resultados negativos. Desde el Laboratorio del Hospital, se informaron 13 testeos r\u00e1pidos negativos que totaliza 53 resultados negativos.<\/p>\n\n\n\n<p>Los positivos est\u00e1n divididos en:<\/p>\n\n\n\n<ul class=\"wp-block-list\"><li>Central Lab<\/li><li>15 mujeres de 16, 27(2), 31, 32, 34, 35(3), 42, 45, 54, 60, 65 y 72 a\u00f1os.<\/li><li>13 hombres de 17, 24, 25, 29, 34(2), 39, 40, 41, 58, 59, 66 y 81 a\u00f1os.<\/li><li>Laboratorio del Hospital: Mujeres de 37, 54, 62, 69 y 89 a\u00f1os; y hombres de 54 y 63 a\u00f1os.<\/li><li>Se enviaron 69 nuevas muestras, que se encuentran pendientes. Cuando se reciban los resultados ser\u00e1n comunicados.<\/li><li>Se incorporan a la estad\u00edstica oficial 6 altas.<\/li><li>Se informaron los fallecimientos de la Sra. Mar\u00eda del Rosario Salazar de 80 a\u00f1os, el Sr. Ricardo Mart\u00edn de 56 a\u00f1os, el Sr. Roberto Actis de 82 a\u00f1os, la Sra. Valeria Trotta de 39 a\u00f1os, el Sr. Roberto Urz\u00faa Bon de 36 a\u00f1os y el Sr. Marcelo Alberto Sack de 43 a\u00f1os, internados con COVID 19 positivo.<\/li><\/ul>\n\n\n\n<p>Resumen actualizado de informaci\u00f3n oficial<br>Positivos desde el inicio de la Pandemia: 4419<br>Activos: 379<br>Recuperados: 3874<br>Fallecidos: 166<br>Negativos desde el inicio de la Pandemia: 6205<\/p>\n\n\n\n<p>Los datos consignados en este informe corresponden a casos analizados a trav\u00e9s hisopados realizados en los \u00abconsultorios amarillos\u00bb analizados por el Laboratorio Central Lab y testeos r\u00e1pidos efectuados en el Laboratorio del Hospital.<\/p>\n\n\n\n<p>&#x1f449; Usar tapabocas.<br>&#x1f449; Mantener la distancia m\u00ednima de 2 metros.<br>&#x1f449; Extremar la higiene de los espacios.<br>&#x1f449; Mantener las manos limpias.<\/p>\n\n\n\n<p>Se recuerda que, ante s\u00edntomas de tos seca, fiebre y dolor de garganta se puede llamar al 148 o 107<\/p>\n","protected":false},"excerpt":{"rendered":"<p>La Secretar\u00eda de Salud de la Municipalidad de San Pedro brinda el informe que acompa\u00f1a la placa del d\u00eda de la fecha, en el seguimiento de la Pandemia de Covid-19. Se recibieron del Laboratorio Central Lab los resultados de los \u00faltimos env\u00edos de muestras con 28 positivos, y se confirmaron 7 casos positivos, a trav\u00e9s [&hellip;]<\/p>\n","protected":false},"author":4,"featured_media":79317,"comment_status":"open","ping_status":"closed","sticky":false,"template":"","format":"standard","meta":{"om_disable_all_campaigns":false,"_jetpack_memberships_contains_paid_content":false,"footnotes":""},"categories":[50,101,2],"tags":[],"class_list":["post-93705","post","type-post","status-publish","format-standard","has-post-thumbnail","hentry","category-destacadas","category-interes-general-locales","category-locales"],"aioseo_notices":[],"gutentor_comment":0,"jetpack_featured_media_url":"https:\/\/eldiariodesanpedro.com.ar\/sitio\/wp-content\/uploads\/2020\/08\/hisopado-test-coronavirus-764x510-1.jpg","jetpack_shortlink":"https:\/\/wp.me\/p6RhLt-onn","jetpack_sharing_enabled":true,"_links":{"self":[{"href":"https:\/\/eldiariodesanpedro.com.ar\/sitio\/wp-json\/wp\/v2\/posts\/93705","targetHints":{"allow":["GET"]}}],"collection":[{"href":"https:\/\/eldiariodesanpedro.com.ar\/sitio\/wp-json\/wp\/v2\/posts"}],"about":[{"href":"https:\/\/eldiariodesanpedro.com.ar\/sitio\/wp-json\/wp\/v2\/types\/post"}],"author":[{"embeddable":true,"href":"https:\/\/eldiariodesanpedro.com.ar\/sitio\/wp-json\/wp\/v2\/users\/4"}],"replies":[{"embeddable":true,"href":"https:\/\/eldiariodesanpedro.com.ar\/sitio\/wp-json\/wp\/v2\/comments?post=93705"}],"version-history":[{"count":1,"href":"https:\/\/eldiariodesanpedro.com.ar\/sitio\/wp-json\/wp\/v2\/posts\/93705\/revisions"}],"predecessor-version":[{"id":93706,"href":"https:\/\/eldiariodesanpedro.com.ar\/sitio\/wp-json\/wp\/v2\/posts\/93705\/revisions\/93706"}],"wp:featuredmedia":[{"embeddable":true,"href":"https:\/\/eldiariodesanpedro.com.ar\/sitio\/wp-json\/wp\/v2\/media\/79317"}],"wp:attachment":[{"href":"https:\/\/eldiariodesanpedro.com.ar\/sitio\/wp-json\/wp\/v2\/media?parent=93705"}],"wp:term":[{"taxonomy":"category","embeddable":true,"href":"https:\/\/eldiariodesanpedro.com.ar\/sitio\/wp-json\/wp\/v2\/categories?post=93705"},{"taxonomy":"post_tag","embeddable":true,"href":"https:\/\/eldiariodesanpedro.com.ar\/sitio\/wp-json\/wp\/v2\/tags?post=93705"}],"curies":[{"name":"wp","href":"https:\/\/api.w.org\/{rel}","templated":true}]}}