{"id":93698,"date":"2021-06-04T11:05:14","date_gmt":"2021-06-04T14:05:14","guid":{"rendered":"https:\/\/eldiariodesanpedro.com.ar\/sitio\/?p=93698"},"modified":"2021-06-04T11:08:42","modified_gmt":"2021-06-04T14:08:42","slug":"el-intendente-cecilio-salazar-aislado-por-contacto-estrecho-de-su-pareja-que-dio-positivo","status":"publish","type":"post","link":"https:\/\/eldiariodesanpedro.com.ar\/sitio\/el-intendente-cecilio-salazar-aislado-por-contacto-estrecho-de-su-pareja-que-dio-positivo\/","title":{"rendered":"El intendente Cecilio Salazar aislado por contacto estrecho de su pareja que dio positivo"},"content":{"rendered":"<!-- VideographyWP Plugin Message: Automatic video embedding prevented by plugin options. -->\n\n<p>En la ma\u00f1ana de hoy se informo que el intendente Cecilio Salazar se encuentra aislado en su domicilio una vez confirmado que su pareja dio positivo de coronavirus.<\/p>\n\n\n\n<p>El intendente de nuestra ciudad recordemos que ya recibi\u00f3 las dos dosis de la vacuna Sputnik V, y por el momento no presenta ning\u00fan s\u00edntoma.<\/p>\n\n\n\n<p>Recordemos que la semana pasada falleci\u00f3 el hermano del intendente y otro pariente en estos d\u00edas.<\/p>\n","protected":false},"excerpt":{"rendered":"<p>En la ma\u00f1ana de hoy se informo que el intendente Cecilio Salazar se encuentra aislado en su domicilio una vez confirmado que su pareja dio positivo de coronavirus. El intendente de nuestra ciudad recordemos que ya recibi\u00f3 las dos dosis de la vacuna Sputnik V, y por el momento no presenta ning\u00fan s\u00edntoma. Recordemos que [&hellip;]<\/p>\n","protected":false},"author":4,"featured_media":87121,"comment_status":"open","ping_status":"closed","sticky":false,"template":"","format":"standard","meta":{"om_disable_all_campaigns":false,"_jetpack_memberships_contains_paid_content":false,"footnotes":""},"categories":[2],"tags":[],"class_list":["post-93698","post","type-post","status-publish","format-standard","has-post-thumbnail","hentry","category-locales"],"aioseo_notices":[],"gutentor_comment":0,"jetpack_featured_media_url":"https:\/\/eldiariodesanpedro.com.ar\/sitio\/wp-content\/uploads\/2021\/02\/WhatsApp-Image-2021-02-05-at-08.50.27-1.jpeg","jetpack_shortlink":"https:\/\/wp.me\/p6RhLt-ong","jetpack_sharing_enabled":true,"_links":{"self":[{"href":"https:\/\/eldiariodesanpedro.com.ar\/sitio\/wp-json\/wp\/v2\/posts\/93698","targetHints":{"allow":["GET"]}}],"collection":[{"href":"https:\/\/eldiariodesanpedro.com.ar\/sitio\/wp-json\/wp\/v2\/posts"}],"about":[{"href":"https:\/\/eldiariodesanpedro.com.ar\/sitio\/wp-json\/wp\/v2\/types\/post"}],"author":[{"embeddable":true,"href":"https:\/\/eldiariodesanpedro.com.ar\/sitio\/wp-json\/wp\/v2\/users\/4"}],"replies":[{"embeddable":true,"href":"https:\/\/eldiariodesanpedro.com.ar\/sitio\/wp-json\/wp\/v2\/comments?post=93698"}],"version-history":[{"count":2,"href":"https:\/\/eldiariodesanpedro.com.ar\/sitio\/wp-json\/wp\/v2\/posts\/93698\/revisions"}],"predecessor-version":[{"id":93701,"href":"https:\/\/eldiariodesanpedro.com.ar\/sitio\/wp-json\/wp\/v2\/posts\/93698\/revisions\/93701"}],"wp:featuredmedia":[{"embeddable":true,"href":"https:\/\/eldiariodesanpedro.com.ar\/sitio\/wp-json\/wp\/v2\/media\/87121"}],"wp:attachment":[{"href":"https:\/\/eldiariodesanpedro.com.ar\/sitio\/wp-json\/wp\/v2\/media?parent=93698"}],"wp:term":[{"taxonomy":"category","embeddable":true,"href":"https:\/\/eldiariodesanpedro.com.ar\/sitio\/wp-json\/wp\/v2\/categories?post=93698"},{"taxonomy":"post_tag","embeddable":true,"href":"https:\/\/eldiariodesanpedro.com.ar\/sitio\/wp-json\/wp\/v2\/tags?post=93698"}],"curies":[{"name":"wp","href":"https:\/\/api.w.org\/{rel}","templated":true}]}}