{"id":93696,"date":"2021-06-04T10:54:13","date_gmt":"2021-06-04T13:54:13","guid":{"rendered":"https:\/\/eldiariodesanpedro.com.ar\/sitio\/?p=93696"},"modified":"2021-06-04T10:54:18","modified_gmt":"2021-06-04T13:54:18","slug":"se-aprehendio-a-un-ciudadano-con-pedido-de-captura-activa","status":"publish","type":"post","link":"https:\/\/eldiariodesanpedro.com.ar\/sitio\/se-aprehendio-a-un-ciudadano-con-pedido-de-captura-activa\/","title":{"rendered":"Se aprehendi\u00f3 a un ciudadano con pedido de captura activa"},"content":{"rendered":"<!-- VideographyWP Plugin Message: Automatic video embedding prevented by plugin options. -->\n\n<p>El personal de esta en intersecci\u00f3n de calle Avenida Sarmiento e Irlanda, procede a la aprehensi\u00f3n de masculino de 32 a\u00f1os, quien pesaba en su poder captura activa por el delito de robo a requerimiento de UFI n\u00b0 05.<\/p>\n","protected":false},"excerpt":{"rendered":"<p>El personal de esta en intersecci\u00f3n de calle Avenida Sarmiento e Irlanda, procede a la aprehensi\u00f3n de masculino de 32 a\u00f1os, quien pesaba en su poder captura activa por el delito de robo a requerimiento de UFI n\u00b0 05.<\/p>\n","protected":false},"author":4,"featured_media":69226,"comment_status":"open","ping_status":"closed","sticky":false,"template":"","format":"standard","meta":{"om_disable_all_campaigns":false,"_jetpack_memberships_contains_paid_content":false,"footnotes":""},"categories":[2,103],"tags":[],"class_list":["post-93696","post","type-post","status-publish","format-standard","has-post-thumbnail","hentry","category-locales","category-policiales-locales"],"aioseo_notices":[],"gutentor_comment":0,"jetpack_featured_media_url":"https:\/\/eldiariodesanpedro.com.ar\/sitio\/wp-content\/uploads\/2020\/02\/detenido-1.jpg","jetpack_shortlink":"https:\/\/wp.me\/p6RhLt-one","jetpack_sharing_enabled":true,"_links":{"self":[{"href":"https:\/\/eldiariodesanpedro.com.ar\/sitio\/wp-json\/wp\/v2\/posts\/93696","targetHints":{"allow":["GET"]}}],"collection":[{"href":"https:\/\/eldiariodesanpedro.com.ar\/sitio\/wp-json\/wp\/v2\/posts"}],"about":[{"href":"https:\/\/eldiariodesanpedro.com.ar\/sitio\/wp-json\/wp\/v2\/types\/post"}],"author":[{"embeddable":true,"href":"https:\/\/eldiariodesanpedro.com.ar\/sitio\/wp-json\/wp\/v2\/users\/4"}],"replies":[{"embeddable":true,"href":"https:\/\/eldiariodesanpedro.com.ar\/sitio\/wp-json\/wp\/v2\/comments?post=93696"}],"version-history":[{"count":1,"href":"https:\/\/eldiariodesanpedro.com.ar\/sitio\/wp-json\/wp\/v2\/posts\/93696\/revisions"}],"predecessor-version":[{"id":93697,"href":"https:\/\/eldiariodesanpedro.com.ar\/sitio\/wp-json\/wp\/v2\/posts\/93696\/revisions\/93697"}],"wp:featuredmedia":[{"embeddable":true,"href":"https:\/\/eldiariodesanpedro.com.ar\/sitio\/wp-json\/wp\/v2\/media\/69226"}],"wp:attachment":[{"href":"https:\/\/eldiariodesanpedro.com.ar\/sitio\/wp-json\/wp\/v2\/media?parent=93696"}],"wp:term":[{"taxonomy":"category","embeddable":true,"href":"https:\/\/eldiariodesanpedro.com.ar\/sitio\/wp-json\/wp\/v2\/categories?post=93696"},{"taxonomy":"post_tag","embeddable":true,"href":"https:\/\/eldiariodesanpedro.com.ar\/sitio\/wp-json\/wp\/v2\/tags?post=93696"}],"curies":[{"name":"wp","href":"https:\/\/api.w.org\/{rel}","templated":true}]}}