{"id":93694,"date":"2021-06-04T10:45:10","date_gmt":"2021-06-04T13:45:10","guid":{"rendered":"https:\/\/eldiariodesanpedro.com.ar\/sitio\/?p=93694"},"modified":"2021-06-04T10:45:13","modified_gmt":"2021-06-04T13:45:13","slug":"cuatro-fallecimientos-roberto-actis-de-82-valeria-trotta-de-39-roberto-urzua-bon-de-36-y-marcelo-sack-de-43-anos","status":"publish","type":"post","link":"https:\/\/eldiariodesanpedro.com.ar\/sitio\/cuatro-fallecimientos-roberto-actis-de-82-valeria-trotta-de-39-roberto-urzua-bon-de-36-y-marcelo-sack-de-43-anos\/","title":{"rendered":"Cuatro fallecimientos Roberto Actis de 82, Valeria Trotta de 39, Roberto Urz\u00faa Bon de 36 y Marcelo Sack de 43 a\u00f1os"},"content":{"rendered":"<!-- VideographyWP Plugin Message: Automatic video embedding prevented by plugin options. -->\n\n<p>Con profundo dolor y transitando momentos sumamente tristes para toda nuestra comunidad, informamos los recientes decesos registrados durante las \u00faltimas horas, ante casos positivos de Covid-19.<\/p>\n\n\n\n<ul class=\"wp-block-list\"><li>Roberto Actis de 82 a\u00f1os, internado con Covid-19 positivo en Cl\u00ednica Privada.<\/li><li>Valeria Trotta de 39 a\u00f1os, internada con Covid-19 positivo en Hospital Emilio Ruffa.<\/li><li>Roberto Urz\u00faa Bon de 36 a\u00f1os, internado con Covid-19 positivo en la UTI del Hospital Emilio Ruffa.<\/li><li>Marcelo Alberto Sack de 43 a\u00f1os, internado con Covid-19 positivo en el Hospital Emilio Ruffa.<\/li><\/ul>\n\n\n\n<p>Compartimos nuestras condolencias con sus familiares y seres queridos.<\/p>\n","protected":false},"excerpt":{"rendered":"<p>Con profundo dolor y transitando momentos sumamente tristes para toda nuestra comunidad, informamos los recientes decesos registrados durante las \u00faltimas horas, ante casos positivos de Covid-19. Roberto Actis de 82 a\u00f1os, internado con Covid-19 positivo en Cl\u00ednica Privada. Valeria Trotta de 39 a\u00f1os, internada con Covid-19 positivo en Hospital Emilio Ruffa. Roberto Urz\u00faa Bon de [&hellip;]<\/p>\n","protected":false},"author":4,"featured_media":82100,"comment_status":"open","ping_status":"closed","sticky":false,"template":"","format":"standard","meta":{"om_disable_all_campaigns":false,"_jetpack_memberships_contains_paid_content":false,"footnotes":""},"categories":[50,101,2],"tags":[],"class_list":["post-93694","post","type-post","status-publish","format-standard","has-post-thumbnail","hentry","category-destacadas","category-interes-general-locales","category-locales"],"aioseo_notices":[],"gutentor_comment":0,"jetpack_featured_media_url":"https:\/\/eldiariodesanpedro.com.ar\/sitio\/wp-content\/uploads\/2020\/10\/sanitario-hace-cama-para-personas-cuarentena-por-coronavirus-marzo-del-2020-1584565459641.jpg","jetpack_shortlink":"https:\/\/wp.me\/p6RhLt-onc","jetpack_sharing_enabled":true,"_links":{"self":[{"href":"https:\/\/eldiariodesanpedro.com.ar\/sitio\/wp-json\/wp\/v2\/posts\/93694","targetHints":{"allow":["GET"]}}],"collection":[{"href":"https:\/\/eldiariodesanpedro.com.ar\/sitio\/wp-json\/wp\/v2\/posts"}],"about":[{"href":"https:\/\/eldiariodesanpedro.com.ar\/sitio\/wp-json\/wp\/v2\/types\/post"}],"author":[{"embeddable":true,"href":"https:\/\/eldiariodesanpedro.com.ar\/sitio\/wp-json\/wp\/v2\/users\/4"}],"replies":[{"embeddable":true,"href":"https:\/\/eldiariodesanpedro.com.ar\/sitio\/wp-json\/wp\/v2\/comments?post=93694"}],"version-history":[{"count":1,"href":"https:\/\/eldiariodesanpedro.com.ar\/sitio\/wp-json\/wp\/v2\/posts\/93694\/revisions"}],"predecessor-version":[{"id":93695,"href":"https:\/\/eldiariodesanpedro.com.ar\/sitio\/wp-json\/wp\/v2\/posts\/93694\/revisions\/93695"}],"wp:featuredmedia":[{"embeddable":true,"href":"https:\/\/eldiariodesanpedro.com.ar\/sitio\/wp-json\/wp\/v2\/media\/82100"}],"wp:attachment":[{"href":"https:\/\/eldiariodesanpedro.com.ar\/sitio\/wp-json\/wp\/v2\/media?parent=93694"}],"wp:term":[{"taxonomy":"category","embeddable":true,"href":"https:\/\/eldiariodesanpedro.com.ar\/sitio\/wp-json\/wp\/v2\/categories?post=93694"},{"taxonomy":"post_tag","embeddable":true,"href":"https:\/\/eldiariodesanpedro.com.ar\/sitio\/wp-json\/wp\/v2\/tags?post=93694"}],"curies":[{"name":"wp","href":"https:\/\/api.w.org\/{rel}","templated":true}]}}