{"id":93688,"date":"2021-06-04T09:29:38","date_gmt":"2021-06-04T12:29:38","guid":{"rendered":"https:\/\/eldiariodesanpedro.com.ar\/sitio\/?p=93688"},"modified":"2021-06-04T09:29:42","modified_gmt":"2021-06-04T12:29:42","slug":"este-fin-de-semana-se-vuelve-a-fase-1-y-estas-son-las-restricciones","status":"publish","type":"post","link":"https:\/\/eldiariodesanpedro.com.ar\/sitio\/este-fin-de-semana-se-vuelve-a-fase-1-y-estas-son-las-restricciones\/","title":{"rendered":"Este fin de semana se vuelve a fase 1 y estas son las restricciones"},"content":{"rendered":"<!-- VideographyWP Plugin Message: Automatic video embedding prevented by plugin options. -->\n\n<p>La Municipalidad de San Pedro informa que a partir desde la medianoche de este viernes y hasta las 00 del lunes 7 de junio vuelven a regir las condiciones preventivas que fueron impuestas por el DNU N\u00ba 334, entre el 22 y el 30 de mayo pasados por los gobiernos de Naci\u00f3n y Provincia.<\/p>\n\n\n\n<p>La medida incluye la restricci\u00f3n de circulaci\u00f3n a partir de las 18 horas de cada d\u00eda hasta las 06hs del d\u00eda siguiente.<\/p>\n\n\n\n<p>S\u00f3lo podr\u00e1n circular los trabajadores de actividades esenciales, acreditando tal condici\u00f3n a trav\u00e9s de la App CUIDAR.<\/p>\n\n\n\n<p>No se podr\u00e1n realizar reuniones de personas (sean adultos o menores), ni concentraciones, ni pr\u00e1cticas recreativas grupales, tanto en domicilios como al aire libre.<\/p>\n\n\n\n<p>En cuanto al funcionamiento comercial, en base a la posibilidad de desplazarse para la compra de art\u00edculos esenciales (de limpieza, medicamentos, alimentos, y otros art\u00edculos de necesidad) en cercan\u00edas al domicilio, estar\u00e1 autorizado el ingreso controlado a tales comercios entre las 06 y las 18 horas de cada d\u00eda. Luego los mismos podr\u00e1n continuar trabajando a puertas cerradas con env\u00edos, hasta las 23 horas de cada d\u00eda.<\/p>\n\n\n\n<p>Est\u00e1 permitido el funcionamiento de servicios de lavander\u00eda, servicios postales y de reparto a domicilio, talleres de mantenimiento de veh\u00edculos afectados al trabajo esencial, y estaciones de expendio de combustible.<\/p>\n\n\n\n<p>Bares, restaurantes y otros locales de venta de comidas elaboradas y afines: Podr\u00e1n funcionar con la modalidad de retiro en tienda hasta las 18 horas y continuar con env\u00edos a domicilio hasta las 23 horas. No est\u00e1 permitido el uso de mesas y sillas en interiores ni en exteriores.<\/p>\n\n\n\n<p>Los comercios de venta de art\u00edculos o servicios no esenciales podr\u00e1n trabajar a puertas cerradas, sin ingreso de clientes a los locales, con env\u00edo a domicilio hasta las 18 horas.<\/p>\n\n\n\n<p>Podr\u00e1n realizarse salidas de esparcimiento en cercan\u00edas del domicilio, en espacios p\u00fablicos al aire libre durante el horario autorizado para circular (06 a 18 horas) y dando cumplimiento a las medidas de prevenci\u00f3n (uso obligatorio de barbijo, distancia de 2m, higiene de manos).<\/p>\n\n\n\n<p>Desde las 00 del lunes 7, retornan las normativas vigentes actualmente en FASE 2.<\/p>\n","protected":false},"excerpt":{"rendered":"<p>La Municipalidad de San Pedro informa que a partir desde la medianoche de este viernes y hasta las 00 del lunes 7 de junio vuelven a regir las condiciones preventivas que fueron impuestas por el DNU N\u00ba 334, entre el 22 y el 30 de mayo pasados por los gobiernos de Naci\u00f3n y Provincia. La [&hellip;]<\/p>\n","protected":false},"author":4,"featured_media":93027,"comment_status":"open","ping_status":"closed","sticky":false,"template":"","format":"standard","meta":{"om_disable_all_campaigns":false,"_jetpack_memberships_contains_paid_content":false,"footnotes":""},"categories":[50,101,2],"tags":[],"class_list":["post-93688","post","type-post","status-publish","format-standard","has-post-thumbnail","hentry","category-destacadas","category-interes-general-locales","category-locales"],"aioseo_notices":[],"gutentor_comment":0,"jetpack_featured_media_url":"https:\/\/eldiariodesanpedro.com.ar\/sitio\/wp-content\/uploads\/2021\/05\/000091563.jpg","jetpack_shortlink":"https:\/\/wp.me\/p6RhLt-on6","jetpack_sharing_enabled":true,"_links":{"self":[{"href":"https:\/\/eldiariodesanpedro.com.ar\/sitio\/wp-json\/wp\/v2\/posts\/93688","targetHints":{"allow":["GET"]}}],"collection":[{"href":"https:\/\/eldiariodesanpedro.com.ar\/sitio\/wp-json\/wp\/v2\/posts"}],"about":[{"href":"https:\/\/eldiariodesanpedro.com.ar\/sitio\/wp-json\/wp\/v2\/types\/post"}],"author":[{"embeddable":true,"href":"https:\/\/eldiariodesanpedro.com.ar\/sitio\/wp-json\/wp\/v2\/users\/4"}],"replies":[{"embeddable":true,"href":"https:\/\/eldiariodesanpedro.com.ar\/sitio\/wp-json\/wp\/v2\/comments?post=93688"}],"version-history":[{"count":1,"href":"https:\/\/eldiariodesanpedro.com.ar\/sitio\/wp-json\/wp\/v2\/posts\/93688\/revisions"}],"predecessor-version":[{"id":93689,"href":"https:\/\/eldiariodesanpedro.com.ar\/sitio\/wp-json\/wp\/v2\/posts\/93688\/revisions\/93689"}],"wp:featuredmedia":[{"embeddable":true,"href":"https:\/\/eldiariodesanpedro.com.ar\/sitio\/wp-json\/wp\/v2\/media\/93027"}],"wp:attachment":[{"href":"https:\/\/eldiariodesanpedro.com.ar\/sitio\/wp-json\/wp\/v2\/media?parent=93688"}],"wp:term":[{"taxonomy":"category","embeddable":true,"href":"https:\/\/eldiariodesanpedro.com.ar\/sitio\/wp-json\/wp\/v2\/categories?post=93688"},{"taxonomy":"post_tag","embeddable":true,"href":"https:\/\/eldiariodesanpedro.com.ar\/sitio\/wp-json\/wp\/v2\/tags?post=93688"}],"curies":[{"name":"wp","href":"https:\/\/api.w.org\/{rel}","templated":true}]}}